{"id":54841,"date":"2017-03-14T01:05:55","date_gmt":"2017-03-14T06:05:55","guid":{"rendered":"http:\/\/formalprision.com\/?p=54841"},"modified":"2017-03-14T01:05:55","modified_gmt":"2017-03-14T06:05:55","slug":"yucatan-a-favor-del-nuevo-modelo-educativo","status":"publish","type":"post","link":"https:\/\/formalprision.com\/?p=54841","title":{"rendered":"Yucat\u00e1n, a favor del nuevo Modelo Educativo"},"content":{"rendered":"<p>Ciudad de M\u00e9xico, 13 de marzo de 2017.- El Gobernador Rolando Zapata Bello acompa\u00f1\u00f3 al Presidente de la Rep\u00fablica, Enrique Pe\u00f1a Nieto, en la presentaci\u00f3n del Modelo Educativo para la Educaci\u00f3n Obligatoria, que responde a las exigencias de desarrollo social, cultural, econ\u00f3mico, cient\u00edfico y tecnol\u00f3gico del pa\u00eds.<\/p>\n<p>Ante el titular de la Secretar\u00eda de Educaci\u00f3n P\u00fablica (SEP), Aurelio Nu\u00f1o Mayer, as\u00ed como maestros, estudiantes, l\u00edderes magisteriales y gobernadores, el mandatario yucateco respald\u00f3 dicha estrategia que comprende cinco grandes pilares, basados en el cambio pedag\u00f3gico, transformaci\u00f3n de las escuelas en comunidades de aprendizaje, formaci\u00f3n profesional de los docentes, equidad e inclusi\u00f3n, y nueva gobernanza educativa.<\/p>\n","protected":false},"excerpt":{"rendered":"<p>Ciudad de M\u00e9xico, 13 de marzo de 2017.- El Gobernador Rolando Zapata Bello acompa\u00f1\u00f3 al Presidente de la Rep\u00fablica, Enrique Pe\u00f1a Nieto, en la presentaci\u00f3n del Modelo Educativo para la<\/p>\n","protected":false},"author":1,"featured_media":54842,"comment_status":"open","ping_status":"open","sticky":false,"template":"","format":"standard","meta":{"jetpack_post_was_ever_published":false,"_jetpack_newsletter_access":"","_jetpack_dont_email_post_to_subs":false,"_jetpack_newsletter_tier_id":0,"_jetpack_memberships_contains_paywalled_content":false,"_jetpack_memberships_contains_paid_content":false,"footnotes":"","jetpack_publicize_message":"","jetpack_publicize_feature_enabled":true,"jetpack_social_post_already_shared":true,"jetpack_social_options":{"image_generator_settings":{"template":"highway","default_image_id":0,"font":"","enabled":false},"version":2}},"categories":[17],"tags":[],"class_list":["post-54841","post","type-post","status-publish","format-standard","has-post-thumbnail","hentry","category-politica-y-gobierno"],"jetpack_publicize_connections":[],"jetpack_featured_media_url":"https:\/\/formalprision.com\/wp-content\/uploads\/2017\/03\/IMG_3236-e1489471534781.jpg","jetpack_sharing_enabled":true,"jetpack_shortlink":"https:\/\/wp.me\/p6id8p-egx","_links":{"self":[{"href":"https:\/\/formalprision.com\/index.php?rest_route=\/wp\/v2\/posts\/54841","targetHints":{"allow":["GET"]}}],"collection":[{"href":"https:\/\/formalprision.com\/index.php?rest_route=\/wp\/v2\/posts"}],"about":[{"href":"https:\/\/formalprision.com\/index.php?rest_route=\/wp\/v2\/types\/post"}],"author":[{"embeddable":true,"href":"https:\/\/formalprision.com\/index.php?rest_route=\/wp\/v2\/users\/1"}],"replies":[{"embeddable":true,"href":"https:\/\/formalprision.com\/index.php?rest_route=%2Fwp%2Fv2%2Fcomments&post=54841"}],"version-history":[{"count":0,"href":"https:\/\/formalprision.com\/index.php?rest_route=\/wp\/v2\/posts\/54841\/revisions"}],"wp:featuredmedia":[{"embeddable":true,"href":"https:\/\/formalprision.com\/index.php?rest_route=\/wp\/v2\/media\/54842"}],"wp:attachment":[{"href":"https:\/\/formalprision.com\/index.php?rest_route=%2Fwp%2Fv2%2Fmedia&parent=54841"}],"wp:term":[{"taxonomy":"category","embeddable":true,"href":"https:\/\/formalprision.com\/index.php?rest_route=%2Fwp%2Fv2%2Fcategories&post=54841"},{"taxonomy":"post_tag","embeddable":true,"href":"https:\/\/formalprision.com\/index.php?rest_route=%2Fwp%2Fv2%2Ftags&post=54841"}],"curies":[{"name":"wp","href":"https:\/\/api.w.org\/{rel}","templated":true}]}}