{"id":59767,"date":"2017-09-20T14:53:26","date_gmt":"2017-09-20T19:53:26","guid":{"rendered":"http:\/\/formalprision.com\/?p=59767"},"modified":"2017-09-20T14:53:26","modified_gmt":"2017-09-20T19:53:26","slug":"rescatistas-yucatecos-se-suman-a-labores-de-auxilio-en-la-ciudad-de-mexico","status":"publish","type":"post","link":"https:\/\/formalprision.com\/?p=59767","title":{"rendered":"Rescatistas yucatecos se suman a labores de auxilio en la Ciudad de M\u00e9xico"},"content":{"rendered":"<p>M\u00e9rida, Yucat\u00e1n, 20 de septiembre de 2017.- Preparados para actuar en situaciones de emergencia, 20 rescatistas yucatecos se sumaron este d\u00eda a las labores de apoyo y b\u00fasqueda de personas entre los escombros de los edificios que se derrumbaron a causa del sismo que sacudi\u00f3 la Ciudad de M\u00e9xico.<\/p>\n<p>Los elementos, pertenecientes la Unidad Estatal de Protecci\u00f3n Civil (Procivy) y a las Secretar\u00eda de Seguridad P\u00fablica (SSP) y Salud (SSY), viajaron hoy a la capital del pa\u00eds, para ponerse a disposici\u00f3n de la Coordinaci\u00f3n Nacional del ramo, organismo que dirige los trabajos de rescate.<\/p>\n<p>La delegaci\u00f3n de auxilio de Yucat\u00e1n parti\u00f3 a las 6:00 horas en el vuelo 524 de Aerom\u00e9xico, empresa que otorg\u00f3 todas las facilidades para el traslado del equipo, herramientas e insumos.<\/p>\n<p>En la Ciudad de M\u00e9xico fueron recibidos por el titular de la Oficina de la Representaci\u00f3n del Gobierno del Estado en la capital del pa\u00eds, Ignacio Mendicuti Pav\u00f3n, lugar en donde tendr\u00e1n su base de operaciones.<\/p>\n<p>Despu\u00e9s de haber participado en otras labores de apoyo en Nuevo Le\u00f3n y Tabasco, el bombero, Juan Gabriel Chi Moo, reconoce que hay sentimientos encontrados al acudir ahora a esta nueva experiencia, pero tambi\u00e9n est\u00e1 consciente de que hay que cumplir con el deber y \u201cpara ello estamos preparados, listos para ayudar\u201d.<\/p>\n<p>\u201cEn estos momentos es cuando se valora m\u00e1s el estudio, la pr\u00e1ctica y la disciplina que le pone uno diario a lo que hace.<\/p>\n<p>\u00abEsta es una oportunidad para mostrar de lo que estamos hecho y nos hemos preparado, nuestra principal motivaci\u00f3n es ayudar. Es dif\u00edcil dejar a la familia, pero ellos entienden nuestro trabajo y est\u00e1n orgullosos de que vayamos a apoyar\u201d, expone el agente, quien es padre de tres hijos.<\/p>\n<p>En total, viajaron cinco param\u00e9dicos y cinco elementos del cuerpo de bomberos, mientras que el resto es personal de Procivy y de la SSY.<\/p>\n<p>Adem\u00e1s de medicamentos y botiquines de primeros auxilios, tambi\u00e9n se llevaron guantes de carnaza, l\u00e1mparas, paliacates y m\u00e1scaras para polvo. Para las tareas de rescate, se cargaron palas, picos, barretas y el equipo conocido como las quijadas de la vida.<\/p>\n<p>Ar\u00f3n Palomo E\u00faan, director de Protecci\u00f3n Civil, inform\u00f3 que el personal de Yucat\u00e1n que se suma estas tareas de auxilio est\u00e1 altamente capacitado y preparado para llevar a cabo las tareas necesarias frente a este desastre natural.<\/p>\n<p>Con los compa\u00f1eros de rescates y los param\u00e9dicos contribuiremos en la b\u00fasqueda de personas entre los escombros de los edificios derruidos, mientras que el resto del personal estar\u00e1 en apoyo de los albergues, centros de acopio y \u00e1reas habilitadas para suministrar de medicamentos y alimentos a la poblaci\u00f3n, as\u00ed como a los voluntarios, precis\u00f3.<\/p>\n<p>Otro de los elementos que integran el grupo que viaj\u00f3 a la Ciudad de M\u00e9xico, es el param\u00e9dico, Ra\u00fal Gamboa May, quien despu\u00e9s de varios a\u00f1os de prestar sus servicios en el \u00e1rea de emergencias de la SSP es la primera vez que participa en una situaci\u00f3n de este tipo, pero su \u00fanico compromiso es dar lo mejor s\u00ed en cada jornada.<\/p>\n<p>\u201cPor lo que hemos visto y escuchado, sabemos que hay muchas personas afectadas, la situaci\u00f3n es un poco complicada, pero nosotros estamos preparados. Con nuestra labor llevaremos un mensaje de solidaridad del pueblo yucateco\u201d, agrega.<\/p>\n<p>Con el botiqu\u00edn de primeros auxilios en los hombros, Gamboa May reconoce que no es f\u00e1cil dejar a la familia para salir en auxilio de la poblaci\u00f3n, \u201cpero por eso nos decidimos por este oficio, nuestros seres queridos lo entienden y nos apoyan, aunque sabes que a veces nos ven partir y no saben a qu\u00e9 hora o cuando volveremos\u201d.<\/p>\n","protected":false},"excerpt":{"rendered":"<p>M\u00e9rida, Yucat\u00e1n, 20 de septiembre de 2017.- Preparados para actuar en situaciones de emergencia, 20 rescatistas yucatecos se sumaron este d\u00eda a las labores de apoyo y b\u00fasqueda de personas<\/p>\n","protected":false},"author":1,"featured_media":59768,"comment_status":"open","ping_status":"open","sticky":false,"template":"","format":"standard","meta":{"jetpack_post_was_ever_published":false,"_jetpack_newsletter_access":"","_jetpack_dont_email_post_to_subs":false,"_jetpack_newsletter_tier_id":0,"_jetpack_memberships_contains_paywalled_content":false,"_jetpack_memberships_contains_paid_content":false,"footnotes":"","jetpack_publicize_message":"","jetpack_publicize_feature_enabled":true,"jetpack_social_post_already_shared":true,"jetpack_social_options":{"image_generator_settings":{"template":"highway","default_image_id":0,"font":"","enabled":false},"version":2}},"categories":[14],"tags":[],"class_list":["post-59767","post","type-post","status-publish","format-standard","has-post-thumbnail","hentry","category-merida"],"jetpack_publicize_connections":[],"jetpack_featured_media_url":"https:\/\/formalprision.com\/wp-content\/uploads\/2017\/09\/IMG_6552.jpg","jetpack_sharing_enabled":true,"jetpack_shortlink":"https:\/\/wp.me\/p6id8p-fxZ","_links":{"self":[{"href":"https:\/\/formalprision.com\/index.php?rest_route=\/wp\/v2\/posts\/59767","targetHints":{"allow":["GET"]}}],"collection":[{"href":"https:\/\/formalprision.com\/index.php?rest_route=\/wp\/v2\/posts"}],"about":[{"href":"https:\/\/formalprision.com\/index.php?rest_route=\/wp\/v2\/types\/post"}],"author":[{"embeddable":true,"href":"https:\/\/formalprision.com\/index.php?rest_route=\/wp\/v2\/users\/1"}],"replies":[{"embeddable":true,"href":"https:\/\/formalprision.com\/index.php?rest_route=%2Fwp%2Fv2%2Fcomments&post=59767"}],"version-history":[{"count":0,"href":"https:\/\/formalprision.com\/index.php?rest_route=\/wp\/v2\/posts\/59767\/revisions"}],"wp:featuredmedia":[{"embeddable":true,"href":"https:\/\/formalprision.com\/index.php?rest_route=\/wp\/v2\/media\/59768"}],"wp:attachment":[{"href":"https:\/\/formalprision.com\/index.php?rest_route=%2Fwp%2Fv2%2Fmedia&parent=59767"}],"wp:term":[{"taxonomy":"category","embeddable":true,"href":"https:\/\/formalprision.com\/index.php?rest_route=%2Fwp%2Fv2%2Fcategories&post=59767"},{"taxonomy":"post_tag","embeddable":true,"href":"https:\/\/formalprision.com\/index.php?rest_route=%2Fwp%2Fv2%2Ftags&post=59767"}],"curies":[{"name":"wp","href":"https:\/\/api.w.org\/{rel}","templated":true}]}}