{"id":599,"date":"2015-04-10T23:41:00","date_gmt":"2015-04-10T23:41:00","guid":{"rendered":"http:\/\/formalprision.info\/2015\/04\/10\/18-anos-de-carcel-para-por-matar-su\/"},"modified":"2015-06-03T08:22:58","modified_gmt":"2015-06-03T08:22:58","slug":"18-anos-de-carcel-para-por-matar-su","status":"publish","type":"post","link":"https:\/\/formalprision.com\/?p=599","title":{"rendered":"18 a\u00f1os de c\u00e1rcel para &quot;Popeye&quot; por matar a su vecino"},"content":{"rendered":"<div style=\"color: rgba(0, 0, 0, 0.701961); font-family: UICTFontTextStyleBody; font-size: 19px; -webkit-composition-fill-color: rgba(130, 98, 83, 0.0980392);\">El juez de control de Tekax sentenci\u00f3 a 18&nbsp;a\u00f1os de c\u00e1rcel a H\u00e9ctor Manuel L\u00f3pez Coll\u00ed (a)\u201cPopeye\u201d, quien asesinara&nbsp;de certero escopetazo a un vecino de&nbsp;Oxkutzcab&nbsp;que intervino en un pleito.<\/div>\n<div style=\"color: rgba(0, 0, 0, 0.701961); font-family: UICTFontTextStyleBody; font-size: 19px; -webkit-composition-fill-color: rgba(130, 98, 83, 0.0980392);\">La sentencia no fue m\u00e1s alta (la m\u00e1xima es de 40 a\u00f1os) porque el procesado acept\u00f3 ir a un juicio abreviado, aceptando su culpa, a cambio de una condena hasta cierto punto ben\u00e9vola.<\/div>\n<div style=\"color: rgba(0, 0, 0, 0.701961); font-family: UICTFontTextStyleBody; font-size: 19px; -webkit-composition-fill-color: rgba(130, 98, 83, 0.0980392);\">Adem\u00e1s de la pena corporal, el sujeto, de 29 a\u00f1os de edad, tambi\u00e9n recibi\u00f3 una amonestaci\u00f3n p\u00fablica, se le suspendieron sus derechos pol\u00edticos y deber\u00e1 pagar la reparaci\u00f3n del da\u00f1o moral causado, que asciende a 1\u2019279,000 mil pesos y se le neg\u00f3 cualquier otro beneficio, como &nbsp;la sustituci\u00f3n de las sanciones.<\/div>\n<div style=\"color: rgba(0, 0, 0, 0.701961); font-family: UICTFontTextStyleBody; font-size: 19px; -webkit-composition-fill-color: rgba(130, 98, 83, 0.0980392);\">&nbsp;\u201cPopeye\u201d fue detenido tras asesinar a V\u00edctor Manuel Be Trujeque, de 38 a\u00f1os,&nbsp;<a href=\"x-apple-data-detectors:\/\/0\" x-apple-data-detectors=\"true\" x-apple-data-detectors-type=\"calendar-event\" x-apple-data-detectors-result=\"0\" style=\"background-color: rgba(255, 255, 255, 0);\">el 25 de noviembre<\/a>, cuando el acusado y otros sujetos se encontraban ingiriendo bebidas embriagantes a las puertas de un predio en Oxkutzcab.<\/div>\n<div style=\"color: rgba(0, 0, 0, 0.701961); font-family: UICTFontTextStyleBody; font-size: 19px; -webkit-composition-fill-color: rgba(130, 98, 83, 0.0980392);\">V\u00edctor Manuel, quien era vecino de&nbsp;\u201cPopeye\u201d,&nbsp;se encontraba a las puertas de su domicilio con un amigo que se acerc\u00f3 a H\u00e9ctor Manuel y sin motivo alguno fue golpeado por L\u00f3pez Coll\u00ed.<\/div>\n<div style=\"color: rgba(0, 0, 0, 0.701961); font-family: UICTFontTextStyleBody; font-size: 19px; -webkit-composition-fill-color: rgba(130, 98, 83, 0.0980392);\">Entonces, el ahora occiso, le reclam\u00f3 a su vecino el haber agredido a su amigo, pero en respuesta, &nbsp;\u201cPopeye\u201d&nbsp;ingres\u00f3 a su predio y sali\u00f3 con una escopeta, con la que le dispar\u00f3 en la cabeza, caus\u00e1ndole la muerte.<\/div>\n<div style=\"color: rgba(0, 0, 0, 0.701961); font-family: UICTFontTextStyleBody; font-size: 19px; -webkit-composition-fill-color: rgba(130, 98, 83, 0.0980392);\">\n<div class=\"separator\" style=\"clear: both;\"><a href=\"https:\/\/lh3.googleusercontent.com\/-FiHTa0VcLxs\/VShirUvdHFI\/AAAAAAAAnW0\/uI7S37-GyWU\/s640\/blogger-image-99221773.jpg\" imageanchor=\"1\" style=\"margin-left: 1em; margin-right: 1em;\"><img decoding=\"async\" border=\"0\" src=\"https:\/\/lh3.googleusercontent.com\/-FiHTa0VcLxs\/VShirUvdHFI\/AAAAAAAAnW0\/uI7S37-GyWU\/s640\/blogger-image-99221773.jpg\"><\/a><\/div>\n<p><\/div>\n","protected":false},"excerpt":{"rendered":"<p>El juez de control de Tekax sentenci\u00f3 a 18&nbsp;a\u00f1os de c\u00e1rcel a H\u00e9ctor Manuel L\u00f3pez Coll\u00ed (a)\u201cPopeye\u201d, quien asesinara&nbsp;de certero escopetazo a un vecino de&nbsp;Oxkutzcab&nbsp;que intervino en un pleito. La<\/p>\n","protected":false},"author":1,"featured_media":11255,"comment_status":"open","ping_status":"open","sticky":false,"template":"","format":"standard","meta":{"jetpack_post_was_ever_published":false,"_jetpack_newsletter_access":"","_jetpack_dont_email_post_to_subs":false,"_jetpack_newsletter_tier_id":0,"_jetpack_memberships_contains_paywalled_content":false,"_jetpack_memberships_contains_paid_content":false,"footnotes":"","jetpack_publicize_message":"","jetpack_publicize_feature_enabled":true,"jetpack_social_post_already_shared":false,"jetpack_social_options":{"image_generator_settings":{"template":"highway","default_image_id":0,"font":"","enabled":false},"version":2}},"categories":[7,6,3,1],"tags":[],"class_list":["post-599","post","type-post","status-publish","format-standard","has-post-thumbnail","hentry","category-breves","category-lo-mas-leido","category-portada","category-sin-categoria"],"jetpack_publicize_connections":[],"jetpack_featured_media_url":"https:\/\/formalprision.com\/wp-content\/uploads\/2015\/04\/blogger-image-99221773.jpg","jetpack_sharing_enabled":true,"jetpack_shortlink":"https:\/\/wp.me\/p6id8p-9F","_links":{"self":[{"href":"https:\/\/formalprision.com\/index.php?rest_route=\/wp\/v2\/posts\/599","targetHints":{"allow":["GET"]}}],"collection":[{"href":"https:\/\/formalprision.com\/index.php?rest_route=\/wp\/v2\/posts"}],"about":[{"href":"https:\/\/formalprision.com\/index.php?rest_route=\/wp\/v2\/types\/post"}],"author":[{"embeddable":true,"href":"https:\/\/formalprision.com\/index.php?rest_route=\/wp\/v2\/users\/1"}],"replies":[{"embeddable":true,"href":"https:\/\/formalprision.com\/index.php?rest_route=%2Fwp%2Fv2%2Fcomments&post=599"}],"version-history":[{"count":0,"href":"https:\/\/formalprision.com\/index.php?rest_route=\/wp\/v2\/posts\/599\/revisions"}],"wp:featuredmedia":[{"embeddable":true,"href":"https:\/\/formalprision.com\/index.php?rest_route=\/wp\/v2\/media\/11255"}],"wp:attachment":[{"href":"https:\/\/formalprision.com\/index.php?rest_route=%2Fwp%2Fv2%2Fmedia&parent=599"}],"wp:term":[{"taxonomy":"category","embeddable":true,"href":"https:\/\/formalprision.com\/index.php?rest_route=%2Fwp%2Fv2%2Fcategories&post=599"},{"taxonomy":"post_tag","embeddable":true,"href":"https:\/\/formalprision.com\/index.php?rest_route=%2Fwp%2Fv2%2Ftags&post=599"}],"curies":[{"name":"wp","href":"https:\/\/api.w.org\/{rel}","templated":true}]}}