{"id":6001,"date":"2013-01-17T23:45:00","date_gmt":"2013-01-17T23:45:00","guid":{"rendered":"http:\/\/formalprision.info\/2013\/01\/17\/sorprendidos-cortando-la-via-de\/"},"modified":"2015-06-03T08:48:33","modified_gmt":"2015-06-03T08:48:33","slug":"sorprendidos-cortando-la-via-de","status":"publish","type":"post","link":"https:\/\/formalprision.com\/?p=6001","title":{"rendered":"Sorprendidos cortando la v\u00eda del ferrocarril para venderla como chatarra"},"content":{"rendered":"<p><\/p>\n<div class=\"MsoNormal\" style=\"background-color: white; background-position: initial initial; background-repeat: initial initial; margin-bottom: 16.2pt;\"><\/div>\n<div class=\"separator\" style=\"clear: both; text-align: center;\"><a href=\"http:\/\/1.bp.blogspot.com\/-6pdsZgbn54A\/UPiLkZ_neTI\/AAAAAAAAR7o\/auq29Cjzfig\/s1600\/aavias.jpg\" imageanchor=\"1\" style=\"margin-left: 1em; margin-right: 1em;\"><img loading=\"lazy\" decoding=\"async\" border=\"0\" height=\"240\" src=\"http:\/\/formalprision.com\/wp-content\/uploads\/2013\/01\/aavias.jpg\" width=\"320\" \/><\/a><\/div>\n<div class=\"MsoNormal\" style=\"background-position: initial initial; background-repeat: initial initial; margin: 0cm 0cm 16.2pt;\"><b>Agentes de la La Polic\u00eda Municipal de Progreso detuvieron a dos sujetos que robaban partes de la v\u00eda del ferrocarril ubicadas a la vera de la carretera que une a M\u00e9rida y el puerto.<\/b><\/div>\n<div class=\"MsoNormal\" style=\"background-position: initial initial; background-repeat: initial initial; margin: 0cm 0cm 16.2pt;\"><b>Los sujetos fueron sorprendidos cortando los rieles a la altura del kilometro 27 de esa carretera.<\/b><\/div>\n<div class=\"MsoNormal\" style=\"background-position: initial initial; background-repeat: initial initial; margin: 0cm 0cm 16.2pt;\"><b>Se inform\u00f3 que los detenidos son Calixto Santos Cruz, de 25 a\u00f1os, y Erick Arceo Cupul, de 18. Ambos habitan en el fraccionamiento flamboyanes;<\/b><\/div>\n<div class=\"MsoNormal\" style=\"background-position: initial initial; background-repeat: initial initial; margin: 0cm 0cm 16.2pt;\"><b>Los hechos ocurrieron esta ma\u00f1ana, a las 09:50 horas cuando los polic\u00edas patrullaban la zona y se percataron de los dos sujetos en actitud sospechosa.<\/b><\/div>\n<div class=\"MsoNormal\" style=\"background-position: initial initial; background-repeat: initial initial; margin: 0cm 0cm 16.2pt;\"><b>Al ver a los uniformados, ambos se dieron a la fuga, por lo que les dieron alcance y los detuvieron.<\/b><\/div>\n<div class=\"MsoNormal\" style=\"background-position: initial initial; background-repeat: initial initial; margin: 0cm 0cm 16.2pt;\"><b>Al revisarlos, los agentes les hallaron un bulto escolar con 2 seguetas, un martillo, un machete, un flex\u00f3metro, una pinza de electricista, un &nbsp;par de guantes as\u00ed como 13 clavos de metal que hab\u00edan retirado para poder mover aproximadamente 10 metros de la v\u00eda.<\/b><\/div>\n<div class=\"MsoNormal\" style=\"background-position: initial initial; background-repeat: initial initial; margin: 0cm 0cm 16.2pt;\"><b>Los sujetos admitieron que cortaban las v\u00edas en partes m\u00e1s peque\u00f1as para poder transportarlas.<\/b><\/div>\n<div class=\"MsoNormal\" style=\"background-position: initial initial; background-repeat: initial initial; margin: 0cm 0cm 16.2pt;\"><b>Ante tal situaci\u00f3n fueron trasladados a los separos y puestos a disposici\u00f3n del Ministerio P\u00fablico de la Federaci\u00f3n.<\/b><\/div>\n<div class=\"MsoNormal\" style=\"margin: 0cm 0cm 10pt;\"><br clear=\"all\" \/><\/div>\n<p><\/p>\n<div class=\"MsoNormal\"><br clear=\"all\" \/><\/div>\n","protected":false},"excerpt":{"rendered":"<p>Agentes de la La Polic\u00eda Municipal de Progreso detuvieron a dos sujetos que robaban partes de la v\u00eda del ferrocarril ubicadas a la vera de la carretera que une a<\/p>\n","protected":false},"author":1,"featured_media":22105,"comment_status":"open","ping_status":"open","sticky":false,"template":"","format":"standard","meta":{"jetpack_post_was_ever_published":false,"_jetpack_newsletter_access":"","_jetpack_dont_email_post_to_subs":false,"_jetpack_newsletter_tier_id":0,"_jetpack_memberships_contains_paywalled_content":false,"_jetpack_memberships_contains_paid_content":false,"footnotes":"","jetpack_publicize_message":"","jetpack_publicize_feature_enabled":true,"jetpack_social_post_already_shared":false,"jetpack_social_options":{"image_generator_settings":{"template":"highway","default_image_id":0,"font":"","enabled":false},"version":2}},"categories":[6,3,1],"tags":[],"class_list":["post-6001","post","type-post","status-publish","format-standard","has-post-thumbnail","hentry","category-lo-mas-leido","category-portada","category-sin-categoria"],"jetpack_publicize_connections":[],"jetpack_featured_media_url":"https:\/\/formalprision.com\/wp-content\/uploads\/2013\/01\/aavias.jpg","jetpack_sharing_enabled":true,"jetpack_shortlink":"https:\/\/wp.me\/p6id8p-1yN","_links":{"self":[{"href":"https:\/\/formalprision.com\/index.php?rest_route=\/wp\/v2\/posts\/6001","targetHints":{"allow":["GET"]}}],"collection":[{"href":"https:\/\/formalprision.com\/index.php?rest_route=\/wp\/v2\/posts"}],"about":[{"href":"https:\/\/formalprision.com\/index.php?rest_route=\/wp\/v2\/types\/post"}],"author":[{"embeddable":true,"href":"https:\/\/formalprision.com\/index.php?rest_route=\/wp\/v2\/users\/1"}],"replies":[{"embeddable":true,"href":"https:\/\/formalprision.com\/index.php?rest_route=%2Fwp%2Fv2%2Fcomments&post=6001"}],"version-history":[{"count":0,"href":"https:\/\/formalprision.com\/index.php?rest_route=\/wp\/v2\/posts\/6001\/revisions"}],"wp:featuredmedia":[{"embeddable":true,"href":"https:\/\/formalprision.com\/index.php?rest_route=\/wp\/v2\/media\/22105"}],"wp:attachment":[{"href":"https:\/\/formalprision.com\/index.php?rest_route=%2Fwp%2Fv2%2Fmedia&parent=6001"}],"wp:term":[{"taxonomy":"category","embeddable":true,"href":"https:\/\/formalprision.com\/index.php?rest_route=%2Fwp%2Fv2%2Fcategories&post=6001"},{"taxonomy":"post_tag","embeddable":true,"href":"https:\/\/formalprision.com\/index.php?rest_route=%2Fwp%2Fv2%2Ftags&post=6001"}],"curies":[{"name":"wp","href":"https:\/\/api.w.org\/{rel}","templated":true}]}}