{"id":6004,"date":"2013-01-17T16:00:00","date_gmt":"2013-01-17T16:00:00","guid":{"rendered":"http:\/\/formalprision.info\/2013\/01\/17\/profepa-clausura-una-carpinteria-por\/"},"modified":"2015-06-03T08:48:36","modified_gmt":"2015-06-03T08:48:36","slug":"profepa-clausura-una-carpinteria-por","status":"publish","type":"post","link":"https:\/\/formalprision.com\/?p=6004","title":{"rendered":"Profepa clausura una carpinter\u00eda por explotar maderas preciosas"},"content":{"rendered":"<p><\/p>\n<div style=\"background: white; vertical-align: baseline;\">\n<\/div>\n<div class=\"separator\" style=\"clear: both; text-align: center;\">\n<a href=\"http:\/\/4.bp.blogspot.com\/-w93edOJF41o\/UPelC4pgp3I\/AAAAAAAAR4w\/3o0a9-32AWQ\/s1600\/aaamaderine.JPG\" imageanchor=\"1\" style=\"margin-left: 1em; margin-right: 1em;\"><img loading=\"lazy\" decoding=\"async\" border=\"0\" height=\"276\" src=\"http:\/\/formalprision.com\/wp-content\/uploads\/2013\/01\/aaamaderine.jpg\" width=\"320\" \/><\/a><\/div>\n<div style=\"background-position: initial initial; background-repeat: initial initial; vertical-align: baseline;\">\nInspectores de la Procuradur\u00eda<br \/>\nFederal de Protecci\u00f3n al Ambiente (Profepa) clausuraron una carpinter\u00eda de<br \/>\nMotul por violaci\u00f3n a las leyes en materia forestal.<\/div>\n<div style=\"background-position: initial initial; background-repeat: initial initial; vertical-align: baseline;\">\nLa clausura se realiz\u00f3 con<br \/>\napoyo de agentes de la Polic\u00eda Federal, aunque no hubo detenidos y se permiti\u00f3 retirarse<br \/>\na los trabajadores del negocio.<\/div>\n<div style=\"background-position: initial initial; background-repeat: initial initial; vertical-align: baseline;\">\nLa carpinter\u00eda se ubica<br \/>\nen la calle 26 entre 31 y 33, y es propiedad de Juan Escalante, quien se<br \/>\nencontraba ausente en el momento en que llegaron los inspectores y polic\u00edas.<\/div>\n<div style=\"background-position: initial initial; background-repeat: initial initial; vertical-align: baseline;\">\nEl personal federal<br \/>\nlevant\u00f3 un acta con las maderas encontradas en el lugar, pues los empleados no exhibieron<br \/>\ndocumentaci\u00f3n oficial para avalar los permisos de explotaci\u00f3n de especies que<br \/>\nsolo pueden trabajarse con autorizaci\u00f3n de las autoridades.<\/div>\n<div style=\"background-position: initial initial; background-repeat: initial initial; vertical-align: baseline;\">\nTambi\u00e9n tomaron<br \/>\nfotograf\u00edas y video de la operaci\u00f3n.<\/div>\n<div style=\"background-position: initial initial; background-repeat: initial initial; vertical-align: baseline;\">\nEn el lugar hab\u00eda<br \/>\nmaderas y troncos de cedro, pino, caoba y otras maderas.<\/div>\n<div style=\"background-position: initial initial; background-repeat: initial initial; vertical-align: baseline;\">\nSe explic\u00f3 a los<br \/>\nempleados que los sellos no deben ser rotos, pues incurrir\u00edan en un delito federal.<\/div>\n<div class=\"MsoNormal\">\n<\/div>\n<p><\/p>\n","protected":false},"excerpt":{"rendered":"<p>Inspectores de la Procuradur\u00eda Federal de Protecci\u00f3n al Ambiente (Profepa) clausuraron una carpinter\u00eda de Motul por violaci\u00f3n a las leyes en materia forestal. La clausura se realiz\u00f3 con apoyo de<\/p>\n","protected":false},"author":1,"featured_media":22111,"comment_status":"open","ping_status":"open","sticky":false,"template":"","format":"standard","meta":{"jetpack_post_was_ever_published":false,"_jetpack_newsletter_access":"","_jetpack_dont_email_post_to_subs":false,"_jetpack_newsletter_tier_id":0,"_jetpack_memberships_contains_paywalled_content":false,"_jetpack_memberships_contains_paid_content":false,"footnotes":"","jetpack_publicize_message":"","jetpack_publicize_feature_enabled":true,"jetpack_social_post_already_shared":false,"jetpack_social_options":{"image_generator_settings":{"template":"highway","default_image_id":0,"font":"","enabled":false},"version":2}},"categories":[9,26,3,1],"tags":[],"class_list":["post-6004","post","type-post","status-publish","format-standard","has-post-thumbnail","hentry","category-destacadas","category-noti-pueblitos","category-portada","category-sin-categoria"],"jetpack_publicize_connections":[],"jetpack_featured_media_url":"https:\/\/formalprision.com\/wp-content\/uploads\/2013\/01\/aaamaderine.jpg","jetpack_sharing_enabled":true,"jetpack_shortlink":"https:\/\/wp.me\/p6id8p-1yQ","_links":{"self":[{"href":"https:\/\/formalprision.com\/index.php?rest_route=\/wp\/v2\/posts\/6004","targetHints":{"allow":["GET"]}}],"collection":[{"href":"https:\/\/formalprision.com\/index.php?rest_route=\/wp\/v2\/posts"}],"about":[{"href":"https:\/\/formalprision.com\/index.php?rest_route=\/wp\/v2\/types\/post"}],"author":[{"embeddable":true,"href":"https:\/\/formalprision.com\/index.php?rest_route=\/wp\/v2\/users\/1"}],"replies":[{"embeddable":true,"href":"https:\/\/formalprision.com\/index.php?rest_route=%2Fwp%2Fv2%2Fcomments&post=6004"}],"version-history":[{"count":0,"href":"https:\/\/formalprision.com\/index.php?rest_route=\/wp\/v2\/posts\/6004\/revisions"}],"wp:featuredmedia":[{"embeddable":true,"href":"https:\/\/formalprision.com\/index.php?rest_route=\/wp\/v2\/media\/22111"}],"wp:attachment":[{"href":"https:\/\/formalprision.com\/index.php?rest_route=%2Fwp%2Fv2%2Fmedia&parent=6004"}],"wp:term":[{"taxonomy":"category","embeddable":true,"href":"https:\/\/formalprision.com\/index.php?rest_route=%2Fwp%2Fv2%2Fcategories&post=6004"},{"taxonomy":"post_tag","embeddable":true,"href":"https:\/\/formalprision.com\/index.php?rest_route=%2Fwp%2Fv2%2Ftags&post=6004"}],"curies":[{"name":"wp","href":"https:\/\/api.w.org\/{rel}","templated":true}]}}