{"id":6009,"date":"2013-01-16T08:10:00","date_gmt":"2013-01-16T08:10:00","guid":{"rendered":"http:\/\/formalprision.info\/2013\/01\/16\/entregan-trabajos-de-ampliacion-de\/"},"modified":"2015-06-03T08:48:37","modified_gmt":"2015-06-03T08:48:37","slug":"entregan-trabajos-de-ampliacion-de","status":"publish","type":"post","link":"https:\/\/formalprision.com\/?p=6009","title":{"rendered":"Entregan trabajos de ampliaci\u00f3n del Centro Regional de Alto Rendimiento\nde Progreso"},"content":{"rendered":"<p>Progreso, Yucat\u00e1n, 15 de enero de 2013.- Como parte de las acciones de descentralizaci\u00f3n deportiva, autoridades estatales y federales entregaron este d\u00eda los trabajos de ampliaci\u00f3n del Centro Regional de Alto Rendimiento de Progreso, obra que permitir\u00e1 acercar la pr\u00e1ctica de la activaci\u00f3n f\u00edsica a la poblaci\u00f3n.<br \/>\nDe visita en este municipio de la costa yucateca, el Gobernador Rolando Zapata Bello y el director de la Comisi\u00f3n Nacional de Cultura F\u00edsica y Deporte (Conade), Jes\u00fas Mena Campos, cortaron el list\u00f3n que simboliz\u00f3 la entrega de estos trabajos consistentes en rehabilitaci\u00f3n y equipamiento de 200 metros cuadrados para la pr\u00e1ctica de disciplinas como luchas asociadas, box amateur y halterofilia.<br \/>\nAnte la comunidad deportiva de este puerto, el titular del Poder Ejecutivo indic\u00f3 que descentralizar la captaci\u00f3n de talentos deportivos es una de las prioridades del Gobierno del Estado para tener una mejor cobertura de detecci\u00f3n de \u00e9stos en toda la entidad.<br \/>\nAcompa\u00f1ado del director del Instituto del Deporte del Estado (IDEY), Juan Sosa Puerto y del alcalde anfitri\u00f3n, Daniel Zacar\u00edas Mart\u00ednez, Zapata Bello dijo que en Yucat\u00e1n se trabaja de forma permanente para acercar la pr\u00e1ctica deportiva no s\u00f3lo a los atletas de alto rendimiento, sino a toda la sociedad.<br \/>\n\u00abEstamos seguros que este espacio ser\u00e1 semillero de grandes deportistas. La voluntad y la dedicaci\u00f3n siempre han estado presentes entre los habitantes de Progreso, s\u00f3lo es cuesti\u00f3n de construir la infraestructura que soporte y acompa\u00f1e a nuestros j\u00f3venes en su camino hacia un mejor futuro\u00bb, coment\u00f3.<br \/>\nDe igual forma, el mandatario destac\u00f3 el compromiso e inter\u00e9s de las autoridades federales por trabajar de forma conjunta con el Gobierno del Estado para promover pol\u00edticas deportivas que impacten positivamente en la calidad de vida de los yucatecos.<br \/>\nEn su turno, Mena Campos, quien realiz\u00f3 en Yucat\u00e1n la primera gira de trabajo de su gesti\u00f3n, reconoci\u00f3 los esfuerzos del gobierno estatal con la pr\u00e1ctica deportiva y la cultura f\u00edsica, al tiempo que conmin\u00f3 a los yucatecos a integrarse a una forma de vida en la que el deporte y el ejercicio sean parte importante del quehacer diario.<br \/>\nEn el evento, el titular del Ejecutivo estatal agreg\u00f3 que para el Gobierno del Estado, la cultura y deporte son pilares fundamentales para el desarrollo de Yucat\u00e1n.<br \/>\nEstuvieron presentes en el evento Luis Hevia Jim\u00e9nez, presidente de la Junta de Coordinaci\u00f3n Pol\u00edtica del Congreso local, Marco Celis Quintal, presidente del Tribunal Superior de Justicia del Estado, los diputados federales William Sosa Altamira y Mar\u00eda del Carmen Ordaz Mart\u00ednez, as\u00ed como Ra\u00fal Godoy Monta\u00f1ez, secretario de Educaci\u00f3n. (Comunicado) <\/p>\n<div class=\"separator\"style=\"clear: both; text-align: center;\"><a href=\"https:\/\/lh3.googleusercontent.com\/-2sW5rDuBmmc\/UPZgeoVKIeI\/AAAAAAAARy8\/IrnTcnF4OMA\/s640\/blogger-image-846457831.jpg\" imageanchor=\"1\" style=\"margin-left: 1em; margin-right: 1em;\"><img decoding=\"async\" border=\"0\" src=\"https:\/\/lh3.googleusercontent.com\/-2sW5rDuBmmc\/UPZgeoVKIeI\/AAAAAAAARy8\/IrnTcnF4OMA\/s640\/blogger-image-846457831.jpg\" \/><\/a><\/div>\n","protected":false},"excerpt":{"rendered":"<p>Progreso, Yucat\u00e1n, 15 de enero de 2013.- Como parte de las acciones de descentralizaci\u00f3n deportiva, autoridades estatales y federales entregaron este d\u00eda los trabajos de ampliaci\u00f3n del Centro Regional de<\/p>\n","protected":false},"author":1,"featured_media":22122,"comment_status":"open","ping_status":"open","sticky":false,"template":"","format":"standard","meta":{"jetpack_post_was_ever_published":false,"_jetpack_newsletter_access":"","_jetpack_dont_email_post_to_subs":false,"_jetpack_newsletter_tier_id":0,"_jetpack_memberships_contains_paywalled_content":false,"_jetpack_memberships_contains_paid_content":false,"footnotes":"","jetpack_publicize_message":"","jetpack_publicize_feature_enabled":true,"jetpack_social_post_already_shared":false,"jetpack_social_options":{"image_generator_settings":{"template":"highway","default_image_id":0,"font":"","enabled":false},"version":2}},"categories":[43,1],"tags":[],"class_list":["post-6009","post","type-post","status-publish","format-standard","has-post-thumbnail","hentry","category-noticias-politicas","category-sin-categoria"],"jetpack_publicize_connections":[],"jetpack_featured_media_url":"https:\/\/formalprision.com\/wp-content\/uploads\/2013\/01\/blogger-image-846457831.jpg","jetpack_sharing_enabled":true,"jetpack_shortlink":"https:\/\/wp.me\/p6id8p-1yV","_links":{"self":[{"href":"https:\/\/formalprision.com\/index.php?rest_route=\/wp\/v2\/posts\/6009","targetHints":{"allow":["GET"]}}],"collection":[{"href":"https:\/\/formalprision.com\/index.php?rest_route=\/wp\/v2\/posts"}],"about":[{"href":"https:\/\/formalprision.com\/index.php?rest_route=\/wp\/v2\/types\/post"}],"author":[{"embeddable":true,"href":"https:\/\/formalprision.com\/index.php?rest_route=\/wp\/v2\/users\/1"}],"replies":[{"embeddable":true,"href":"https:\/\/formalprision.com\/index.php?rest_route=%2Fwp%2Fv2%2Fcomments&post=6009"}],"version-history":[{"count":0,"href":"https:\/\/formalprision.com\/index.php?rest_route=\/wp\/v2\/posts\/6009\/revisions"}],"wp:featuredmedia":[{"embeddable":true,"href":"https:\/\/formalprision.com\/index.php?rest_route=\/wp\/v2\/media\/22122"}],"wp:attachment":[{"href":"https:\/\/formalprision.com\/index.php?rest_route=%2Fwp%2Fv2%2Fmedia&parent=6009"}],"wp:term":[{"taxonomy":"category","embeddable":true,"href":"https:\/\/formalprision.com\/index.php?rest_route=%2Fwp%2Fv2%2Fcategories&post=6009"},{"taxonomy":"post_tag","embeddable":true,"href":"https:\/\/formalprision.com\/index.php?rest_route=%2Fwp%2Fv2%2Ftags&post=6009"}],"curies":[{"name":"wp","href":"https:\/\/api.w.org\/{rel}","templated":true}]}}