{"id":6090,"date":"2012-12-29T18:20:00","date_gmt":"2012-12-29T18:20:00","guid":{"rendered":"http:\/\/formalprision.info\/2012\/12\/29\/regalo-de-fin-de-ano-51-presos-de\/"},"modified":"2015-06-03T08:48:56","modified_gmt":"2015-06-03T08:48:56","slug":"regalo-de-fin-de-ano-51-presos-de","status":"publish","type":"post","link":"https:\/\/formalprision.com\/?p=6090","title":{"rendered":"Regalo de fin de a\u00f1o a 51 presos de M\u00e9rida: les conceden libertadanticipada"},"content":{"rendered":"<p>Un total de  51 internos del Penal de M\u00e9rida que purgan condenas por delitos menores, obtuvieron este d\u00eda su libertad, luego de que el Ejecutivo del Estado les otorg\u00f3 el beneficio de la liberaci\u00f3n anticipada para continuar con su proceso de reinserci\u00f3n a la sociedad.<\/p>\n<p>De visita en el penal meridano, al sur de esta ciudad, el Gobernador Rolando Zapata Bello entreg\u00f3 sus documentos de liberaci\u00f3n a los reclusos, as\u00ed como cobertores a la poblaci\u00f3n penitenciaria y certificados a quienes lograron concluir sus estudios de educaci\u00f3n b\u00e1sica y de capacitaci\u00f3n para el trabajo.<\/p>\n<p>Acompa\u00f1ado del presidente del Tribunal Superior de Justicia del Estado, Marcos Celis Quintal y del secretario General de Gobierno, V\u00edctor Caballero Dur\u00e1n, el titular del Poder Ejecutivo se\u00f1al\u00f3 que la libertad es el mayor regalo que la vida nos puede dar, pero como todo derecho, dijo, implica tambi\u00e9n muchas responsabilidades, como ser buenos ciudadanos, respetar las leyes y el orden.<\/p>\n<p>\u00abSepan que as\u00ed como sus familias los necesitan de vuelta, tambi\u00e9n Yucat\u00e1n los requiere para que participen de manera plena en el desarrollo del estado. Los necesitamos para que se reincorporen en el \u00e1mbito productivo, deportivo, cultural y social de la entidad\u00bb, apunt\u00f3.<\/p>\n<p>Ante la poblaci\u00f3n penitenciaria del Cereso de esta ciudad, Zapata Bello indic\u00f3 que a unos d\u00edas de concluir el presente a\u00f1o se abre una nueva oportunidad con el inicio de un nuevo ciclo, \u00abporque tenemos 12 meses por delante para hacer muy bien las cosas con trabajo, optimismo, responsabilidad y apego al marco jur\u00eddico, para que a todos nos vaya bien\u00bb.<\/p>\n<p>Durante el evento, se inform\u00f3 que la liberaci\u00f3n anticipada de los 51 reclusos se obtuvo mediante el dep\u00f3sito de cauci\u00f3n, pago de multa y reparaci\u00f3n de da\u00f1o, medidas contempladas dentro del nuevo sistema de justicia penal.(Comunicado Oficial)<\/p>\n<p><\/p>\n<div class=\"separator\" style=\"clear: both; text-align: center;\">\n<a href=\"https:\/\/lh3.googleusercontent.com\/-rKlBoBCBg_E\/UN80XfjiBlI\/AAAAAAAAQAY\/enyF9Jc0pAs\/s640\/blogger-image-1564581985.jpg\" imageanchor=\"1\" style=\"margin-left: 1em; margin-right: 1em;\"><img decoding=\"async\" border=\"0\" src=\"https:\/\/lh3.googleusercontent.com\/-rKlBoBCBg_E\/UN80XfjiBlI\/AAAAAAAAQAY\/enyF9Jc0pAs\/s640\/blogger-image-1564581985.jpg\" \/><\/a><\/div>\n","protected":false},"excerpt":{"rendered":"<p>Un total de 51 internos del Penal de M\u00e9rida que purgan condenas por delitos menores, obtuvieron este d\u00eda su libertad, luego de que el Ejecutivo del Estado les otorg\u00f3 el<\/p>\n","protected":false},"author":1,"featured_media":22284,"comment_status":"open","ping_status":"open","sticky":false,"template":"","format":"standard","meta":{"jetpack_post_was_ever_published":false,"_jetpack_newsletter_access":"","_jetpack_dont_email_post_to_subs":false,"_jetpack_newsletter_tier_id":0,"_jetpack_memberships_contains_paywalled_content":false,"_jetpack_memberships_contains_paid_content":false,"footnotes":"","jetpack_publicize_message":"","jetpack_publicize_feature_enabled":true,"jetpack_social_post_already_shared":false,"jetpack_social_options":{"image_generator_settings":{"template":"highway","default_image_id":0,"font":"","enabled":false},"version":2}},"categories":[45,47,3,1],"tags":[],"class_list":["post-6090","post","type-post","status-publish","format-standard","has-post-thumbnail","hentry","category-delincuentes-vip","category-narcos","category-portada","category-sin-categoria"],"jetpack_publicize_connections":[],"jetpack_featured_media_url":"https:\/\/formalprision.com\/wp-content\/uploads\/2012\/12\/blogger-image-1564581985.jpg","jetpack_sharing_enabled":true,"jetpack_shortlink":"https:\/\/wp.me\/p6id8p-1Ae","_links":{"self":[{"href":"https:\/\/formalprision.com\/index.php?rest_route=\/wp\/v2\/posts\/6090","targetHints":{"allow":["GET"]}}],"collection":[{"href":"https:\/\/formalprision.com\/index.php?rest_route=\/wp\/v2\/posts"}],"about":[{"href":"https:\/\/formalprision.com\/index.php?rest_route=\/wp\/v2\/types\/post"}],"author":[{"embeddable":true,"href":"https:\/\/formalprision.com\/index.php?rest_route=\/wp\/v2\/users\/1"}],"replies":[{"embeddable":true,"href":"https:\/\/formalprision.com\/index.php?rest_route=%2Fwp%2Fv2%2Fcomments&post=6090"}],"version-history":[{"count":0,"href":"https:\/\/formalprision.com\/index.php?rest_route=\/wp\/v2\/posts\/6090\/revisions"}],"wp:featuredmedia":[{"embeddable":true,"href":"https:\/\/formalprision.com\/index.php?rest_route=\/wp\/v2\/media\/22284"}],"wp:attachment":[{"href":"https:\/\/formalprision.com\/index.php?rest_route=%2Fwp%2Fv2%2Fmedia&parent=6090"}],"wp:term":[{"taxonomy":"category","embeddable":true,"href":"https:\/\/formalprision.com\/index.php?rest_route=%2Fwp%2Fv2%2Fcategories&post=6090"},{"taxonomy":"post_tag","embeddable":true,"href":"https:\/\/formalprision.com\/index.php?rest_route=%2Fwp%2Fv2%2Ftags&post=6090"}],"curies":[{"name":"wp","href":"https:\/\/api.w.org\/{rel}","templated":true}]}}