{"id":611,"date":"2015-04-10T01:02:00","date_gmt":"2015-04-10T01:02:00","guid":{"rendered":"http:\/\/formalprision.info\/2015\/04\/10\/apuestan-por-el-desarrollo-cultural-y\/"},"modified":"2015-06-03T08:23:04","modified_gmt":"2015-06-03T08:23:04","slug":"apuestan-por-el-desarrollo-cultural-y","status":"publish","type":"post","link":"https:\/\/formalprision.com\/?p=611","title":{"rendered":"Apuestan por el desarrollo cultural y deportivo de Dzilam Gonz\u00e1lez"},"content":{"rendered":"<h2 style=\"margin-right: 0cm; margin-left: 0cm;\">Dzilam Gonz\u00e1lez, Yucat\u00e1n, 9 de abril de 2015.- Con la apertura de la Casa de la Cultura y la conclusi\u00f3n de los trabajos de edificaci\u00f3n de dos canchas techadas de usos m\u00faltiples, ni\u00f1os, j\u00f3venes y adultos de Dzilam Gonz\u00e1lez podr\u00e1n realizar actividades deportivas, art\u00edsticas y recreativas, en condiciones adecuadas.<\/h2>\n<h2 style=\"margin-right: 0cm; margin-left: 0cm;\">En gira de trabajo por el citado municipio, el Gobernador Rolando Zapata Bello encabez\u00f3 la inauguraci\u00f3n de dichos espacios, adem\u00e1s de constatar las acciones realizadas para la&nbsp;pavimentaci\u00f3n de calles,&nbsp;la construcci\u00f3n del domo de la Escuela Primaria \u201cFelipe Carillo Puerto\u201d, as\u00ed como la&nbsp;rehabilitaci\u00f3n del campo de f\u00fatbol.<\/h2>\n<h2 style=\"margin-right: 0cm; margin-left: 0cm;\">Una de las canchas se encuentra en la colonia Las Palmeras y la otra en la&nbsp;<a href=\"x-apple-data-detectors:\/\/2\" x-apple-data-detectors=\"true\" x-apple-data-detectors-type=\"address\" x-apple-data-detectors-result=\"2\">calle 22 por 29<\/a>&nbsp;de la demarcaci\u00f3n. Ambas est\u00e1n techadas y son aptas para la pr\u00e1ctica de disciplinas como f\u00fatbol r\u00e1pido, voleibol y basquetbol, adem\u00e1s de otras actividades de acondicionamiento f\u00edsico para el p\u00fablico en general.&nbsp;<\/h2>\n<h2 style=\"margin-right: 0cm; margin-left: 0cm;\">Al dar detalles sobre la edificaci\u00f3n de la Casa de la Cultura, el alcalde anfitri\u00f3n, Edwin Mart\u00edn Segura, explic\u00f3 que el lugar cuenta con aulas ventiladas donde vecinos de todas las edades podr\u00e1n participar en&nbsp;clases de danza y m\u00fasica.<\/h2>\n<h2 style=\"margin-right: 0cm; margin-left: 0cm;\">En esa jornada, el mandatario estatal cort\u00f3 el list\u00f3n inaugural de la pavimentaci\u00f3n de diversas v\u00edas de la cabecera municipal y tambi\u00e9n dio el saque inicial que marc\u00f3&nbsp;la apertura de un domo de usos de m\u00faltiples para alumnos de la primaria \u201cFelipe Carrillo Puerto\u201d.<\/h2>\n<h2 style=\"margin-right: 0cm; margin-left: 0cm;\">Al t\u00e9rmino de la gira, durante la cual Zapata Bello se traslad\u00f3 en tricimoto de un punto a otro, realiz\u00f3 el tiro a gol simb\u00f3lico para presentar a la comunidad la conclusi\u00f3n de los trabajos de reconstrucci\u00f3n de un campo de balompi\u00e9.<\/h2>\n<h2 style=\"margin-right: 0cm; margin-left: 0cm;\">Acompa\u00f1aron al Gobernador los secretarios de Obras P\u00fablicas, Daniel Quintal Ic, y de la Cultura y las Artes, Roger Metri Duarte.<\/h2>\n<h2 style=\"margin-right: 0cm; margin-left: 0cm;\">Tambi\u00e9n, los directores de los Institutos del Deporte de Yucat\u00e1n, Juan Sosa Puerto; para la Construcci\u00f3n y Conservaci\u00f3n de la Obra P\u00fablica de Yucat\u00e1n, Jos\u00e9 Alpuche Avil\u00e9s,&nbsp; y de Desarrollo Regional y Municipal, Juan Jos\u00e9 Canul P\u00e9rez.<\/h2>\n<div>\n<div class=\"separator\" style=\"clear: both;\"><a href=\"https:\/\/lh4.googleusercontent.com\/-Eqspoh418Z0\/VSchfYWD9gI\/AAAAAAAAnVc\/a7I6rLizYMc\/s640\/blogger-image--1624446841.jpg\" imageanchor=\"1\" style=\"margin-left: 1em; margin-right: 1em;\"><img decoding=\"async\" border=\"0\" src=\"https:\/\/lh4.googleusercontent.com\/-Eqspoh418Z0\/VSchfYWD9gI\/AAAAAAAAnVc\/a7I6rLizYMc\/s640\/blogger-image--1624446841.jpg\"><\/a><\/div>\n<p><\/div>\n<div><\/div>\n<h2 style=\"margin-right: 0cm; margin-left: 0cm;\">\n<div style=\"color: rgba(0, 0, 0, 0.701961); font-family: UICTFontTextStyleBody; font-size: 29px; font-weight: bold; -webkit-composition-fill-color: rgba(130, 98, 83, 0.0980392);\"><\/div>\n<\/h2>\n","protected":false},"excerpt":{"rendered":"<p>Dzilam Gonz\u00e1lez, Yucat\u00e1n, 9 de abril de 2015.- Con la apertura de la Casa de la Cultura y la conclusi\u00f3n de los trabajos de edificaci\u00f3n de dos canchas techadas de<\/p>\n","protected":false},"author":1,"featured_media":11279,"comment_status":"open","ping_status":"open","sticky":false,"template":"","format":"standard","meta":{"jetpack_post_was_ever_published":false,"_jetpack_newsletter_access":"","_jetpack_dont_email_post_to_subs":false,"_jetpack_newsletter_tier_id":0,"_jetpack_memberships_contains_paywalled_content":false,"_jetpack_memberships_contains_paid_content":false,"footnotes":"","jetpack_publicize_message":"","jetpack_publicize_feature_enabled":true,"jetpack_social_post_already_shared":false,"jetpack_social_options":{"image_generator_settings":{"template":"highway","default_image_id":0,"font":"","enabled":false},"version":2}},"categories":[17,1],"tags":[],"class_list":["post-611","post","type-post","status-publish","format-standard","has-post-thumbnail","hentry","category-politica-y-gobierno","category-sin-categoria"],"jetpack_publicize_connections":[],"jetpack_featured_media_url":"https:\/\/formalprision.com\/wp-content\/uploads\/2015\/04\/blogger-image-1624446841.jpg","jetpack_sharing_enabled":true,"jetpack_shortlink":"https:\/\/wp.me\/p6id8p-9R","_links":{"self":[{"href":"https:\/\/formalprision.com\/index.php?rest_route=\/wp\/v2\/posts\/611","targetHints":{"allow":["GET"]}}],"collection":[{"href":"https:\/\/formalprision.com\/index.php?rest_route=\/wp\/v2\/posts"}],"about":[{"href":"https:\/\/formalprision.com\/index.php?rest_route=\/wp\/v2\/types\/post"}],"author":[{"embeddable":true,"href":"https:\/\/formalprision.com\/index.php?rest_route=\/wp\/v2\/users\/1"}],"replies":[{"embeddable":true,"href":"https:\/\/formalprision.com\/index.php?rest_route=%2Fwp%2Fv2%2Fcomments&post=611"}],"version-history":[{"count":0,"href":"https:\/\/formalprision.com\/index.php?rest_route=\/wp\/v2\/posts\/611\/revisions"}],"wp:featuredmedia":[{"embeddable":true,"href":"https:\/\/formalprision.com\/index.php?rest_route=\/wp\/v2\/media\/11279"}],"wp:attachment":[{"href":"https:\/\/formalprision.com\/index.php?rest_route=%2Fwp%2Fv2%2Fmedia&parent=611"}],"wp:term":[{"taxonomy":"category","embeddable":true,"href":"https:\/\/formalprision.com\/index.php?rest_route=%2Fwp%2Fv2%2Fcategories&post=611"},{"taxonomy":"post_tag","embeddable":true,"href":"https:\/\/formalprision.com\/index.php?rest_route=%2Fwp%2Fv2%2Ftags&post=611"}],"curies":[{"name":"wp","href":"https:\/\/api.w.org\/{rel}","templated":true}]}}