{"id":6143,"date":"2012-12-10T19:07:00","date_gmt":"2012-12-10T19:07:00","guid":{"rendered":"http:\/\/formalprision.info\/2012\/12\/10\/llegan-las-calles-de-merida-125-nuevos\/"},"modified":"2015-06-03T08:49:09","modified_gmt":"2015-06-03T08:49:09","slug":"llegan-las-calles-de-merida-125-nuevos","status":"publish","type":"post","link":"https:\/\/formalprision.com\/?p=6143","title":{"rendered":"Llegan a las calles de M\u00e9rida 125 nuevos polic\u00edas anticrimen"},"content":{"rendered":"<div class=\"separator\" style=\"clear: both; text-align: center;\">\n<a href=\"http:\/\/2.bp.blogspot.com\/-375FzH4Z2gA\/UMYydY698MI\/AAAAAAAAO7s\/xBIYGj5kelI\/s1600\/201212101833.jpg\" imageanchor=\"1\" style=\"margin-left: 1em; margin-right: 1em;\"><img loading=\"lazy\" decoding=\"async\" bea=\"true\" border=\"0\" height=\"175\" src=\"http:\/\/formalprision.com\/wp-content\/uploads\/2012\/12\/201212101833.jpg\" width=\"320\" \/><\/a><\/div>\n<p>La Secretar\u00eda de Seguridad P\u00fablica sum\u00f3 este d\u00eda a sus filas a un escuadr\u00f3n de 125 nuevos polic\u00edas, instruidos durante los \u00faltimos meses en la Academia de Polic\u00eda.<\/p>\n<p>Los agentes prestan a partir de hoy servicio en todos los departamentos operativos de la corporaci\u00f3n.<br \/>\nAl presidir la ceremonia de graduaci\u00f3n de los nuevos agentes, el gobernador Rolando Zapata Bello dijo que la profesionalizaci\u00f3n de los miembros de la Polic\u00eda estatal se consolida d\u00eda a d\u00eda, como parte de una pol\u00edtica de fortalecimiento de la seguridad p\u00fablica en la entidad.<br \/>\nEsta es la 51\u00aa. generaci\u00f3n de la Academia de Polic\u00eda.<br \/>\n\u00abEsta ma\u00f1ana, Yucat\u00e1n cuenta con 125 razones m\u00e1s para consolidarnos como la entidad m\u00e1s segura del pa\u00eds. Desde hoy contamos con 125 escudos m\u00e1s para salvaguardar profesionalmente la integridad de todas familias y proteger la paz y la armon\u00eda que caracteriza a nuestra tierra\u00bb, expres\u00f3 en la ceremonia realizada en el Asta Bandera Monumental, al norte de esta ciudad.<br \/>\nDel total de graduados, nueve cuentan con licenciatura y 116 con bachillerato, siendo la primera vez en que todos los elementos tienen estudios de nivel medio superior y superior, a diferencia de a\u00f1os anteriores en que s\u00f3lo contaban con educaci\u00f3n b\u00e1sica.<br \/>\nSu formaci\u00f3n es parte de una estrategia del Sistema Nacional de Seguridad P\u00fablica, a trav\u00e9s del Programa de Polic\u00eda Acreditable. Consisti\u00f3 en seis meses de instrucci\u00f3n te\u00f3rico pr\u00e1ctica en 19 unidades, sobre temas como Derechos Humanos, \u00e9tica, actuaci\u00f3n policial, leyes, adiestramiento en uso de armas, educaci\u00f3n vial, ingl\u00e9s y computaci\u00f3n, entre otros.<br \/>\nEn presencia de los nuevos elementos, Zapata Bello record\u00f3 que el Gobierno del Estado apuesta por garantizar la seguridad de la sociedad yucateca, siguiendo tres ejes de acci\u00f3n: el fortalecimiento constante y permanente de los cuerpos policiales, la prevenci\u00f3n del delito y el impulso a la participaci\u00f3n ciudadana.<br \/>\n\u00abLa seguridad es un logro de todos, es resultado de la actuaci\u00f3n de nuestras fuerzas de seguridad, de la participaci\u00f3n ciudadana y de los valores que nos caracterizan como yucatecos\u00bb, apunt\u00f3.<br \/>\nAsimismo, garantiz\u00f3 que se mantendr\u00e1 el apoyo a los miembros de los cuerpos policiales con capacitaci\u00f3n continua, equipamiento y est\u00edmulos laborales.<br \/>\nEl &nbsp;comandante Luis Felipe Said\u00e9n Ojeda, secretario de Seguridad P\u00fablica, agreg\u00f3 que al instaurar el servicio profesional de carrera en la Polic\u00eda se pretende mejorar la calidad de vida de los cadetes mediante un esquema escalafonario de ascensos basado en competencias laborales y desempe\u00f1o funcional, con lo que se puede brindar estabilidad y sentido de pertenencia a la funci\u00f3n policial.<br \/>\nEstuvieron presentes en el evento V\u00edctor Caballero Dur\u00e1n, secretario General de Gobierno, Celia Rivas Rodr\u00edguez, fiscal General del Estado, Luis Hevia Jim\u00e9nez, presidente de la Junta de Gobierno y Coordinaci\u00f3n Pol\u00edtica del Congreso estatal, y el magistrado Luis Felipe Cer\u00f3n Villanueva.<br \/>\nTambi\u00e9n, el general de brigada diplomado del Estado Mayor, Luis Manuel V\u00e9lez Fern\u00e1ndez de Lara, Marisol Lugo Ayora, presidenta del Consejo Coordinador Empresarial, Juan Manuel Le\u00f3n Le\u00f3n, delegado de la Procuradur\u00eda General de la Rep\u00fablica en el estado, y Carlos Mart\u00edn Pacheco Medina, secretario ejecutivo del Consejo Estatal de Seguridad P\u00fablica.<br \/>\nAsimismo, Hugo Ignacio Tinoco Guti\u00e9rrez, coordinador estatal de la Polic\u00eda Federal, teniente coronel Ignacio Rivas Ancona, director del Instituto de Capacitaci\u00f3n Policial \u00abLuis F. Sotelo Regil\u00bb, y el cadete Jos\u00e9 Eduardo Lara Chairez, representante de la 51 generaci\u00f3n de Polic\u00edas Estatales. (Comunicado)<\/p>\n","protected":false},"excerpt":{"rendered":"<p>La Secretar\u00eda de Seguridad P\u00fablica sum\u00f3 este d\u00eda a sus filas a un escuadr\u00f3n de 125 nuevos polic\u00edas, instruidos durante los \u00faltimos meses en la Academia de Polic\u00eda. Los agentes<\/p>\n","protected":false},"author":1,"featured_media":22390,"comment_status":"open","ping_status":"open","sticky":false,"template":"","format":"standard","meta":{"jetpack_post_was_ever_published":false,"_jetpack_newsletter_access":"","_jetpack_dont_email_post_to_subs":false,"_jetpack_newsletter_tier_id":0,"_jetpack_memberships_contains_paywalled_content":false,"_jetpack_memberships_contains_paid_content":false,"footnotes":"","jetpack_publicize_message":"","jetpack_publicize_feature_enabled":true,"jetpack_social_post_already_shared":false,"jetpack_social_options":{"image_generator_settings":{"template":"highway","default_image_id":0,"font":"","enabled":false},"version":2}},"categories":[50,3,1],"tags":[],"class_list":["post-6143","post","type-post","status-publish","format-standard","has-post-thumbnail","hentry","category-machines","category-portada","category-sin-categoria"],"jetpack_publicize_connections":[],"jetpack_featured_media_url":"https:\/\/formalprision.com\/wp-content\/uploads\/2012\/12\/201212101833.jpg","jetpack_sharing_enabled":true,"jetpack_shortlink":"https:\/\/wp.me\/p6id8p-1B5","_links":{"self":[{"href":"https:\/\/formalprision.com\/index.php?rest_route=\/wp\/v2\/posts\/6143","targetHints":{"allow":["GET"]}}],"collection":[{"href":"https:\/\/formalprision.com\/index.php?rest_route=\/wp\/v2\/posts"}],"about":[{"href":"https:\/\/formalprision.com\/index.php?rest_route=\/wp\/v2\/types\/post"}],"author":[{"embeddable":true,"href":"https:\/\/formalprision.com\/index.php?rest_route=\/wp\/v2\/users\/1"}],"replies":[{"embeddable":true,"href":"https:\/\/formalprision.com\/index.php?rest_route=%2Fwp%2Fv2%2Fcomments&post=6143"}],"version-history":[{"count":0,"href":"https:\/\/formalprision.com\/index.php?rest_route=\/wp\/v2\/posts\/6143\/revisions"}],"wp:featuredmedia":[{"embeddable":true,"href":"https:\/\/formalprision.com\/index.php?rest_route=\/wp\/v2\/media\/22390"}],"wp:attachment":[{"href":"https:\/\/formalprision.com\/index.php?rest_route=%2Fwp%2Fv2%2Fmedia&parent=6143"}],"wp:term":[{"taxonomy":"category","embeddable":true,"href":"https:\/\/formalprision.com\/index.php?rest_route=%2Fwp%2Fv2%2Fcategories&post=6143"},{"taxonomy":"post_tag","embeddable":true,"href":"https:\/\/formalprision.com\/index.php?rest_route=%2Fwp%2Fv2%2Ftags&post=6143"}],"curies":[{"name":"wp","href":"https:\/\/api.w.org\/{rel}","templated":true}]}}