{"id":6151,"date":"2012-12-08T14:33:00","date_gmt":"2012-12-08T14:33:00","guid":{"rendered":"http:\/\/formalprision.info\/2012\/12\/08\/anuncian-nueva-glorieta-en-francisco-de\/"},"modified":"2015-06-03T08:49:10","modified_gmt":"2015-06-03T08:49:10","slug":"anuncian-nueva-glorieta-en-francisco-de","status":"publish","type":"post","link":"https:\/\/formalprision.com\/?p=6151","title":{"rendered":"Anuncian nueva glorieta en Francisco de Montejo y sem\u00e1foros en Pacabt\u00fan"},"content":{"rendered":"<div class=\"separator\" style=\"clear: both; text-align: center;\">\n<a href=\"http:\/\/1.bp.blogspot.com\/-jW20xFAchgw\/UMNPRASUwKI\/AAAAAAAAOz8\/zaULoeYRJgo\/s1600\/aamplias.jpg\" imageanchor=\"1\" style=\"margin-left: 1em; margin-right: 1em;\"><img loading=\"lazy\" decoding=\"async\" border=\"0\" height=\"320\" nea=\"true\" src=\"http:\/\/formalprision.com\/wp-content\/uploads\/2012\/12\/aamplias.jpg\" width=\"242\" \/><\/a><\/div>\n<p>El Consejo Consultivo de Tr\u00e1nsito y Vialidad aprob\u00f3 ayer varios proyectos viales, entre ellos la construcci\u00f3n de una glorieta en Francisco de Montejo y la instalaci\u00f3n de sem\u00e1foros en Pacabt\u00fan.<br \/>\nLos proyectos fueron aprobados durante la sexta sesi\u00f3n ordinaria del Consejo, que se llev\u00f3 a cabo en el edificio de la Secretar\u00eda de Seguridad P\u00fablica y estuvo presidida por su titular Cmdte. Luis Felipe Said\u00e9n Ojeda, junto con funcionarios de los tres niveles de gobierno, dirigentes empresariales, directivos de universidades, transportistas, que integran ese \u00f3rgano colegiado.<br \/>\nAprobaron por unanimidad los siguientes proyectos presentados por el \u00e1rea de Ingenier\u00eda de Tr\u00e1nsito de la SSP:<br \/>\n-Para disminuir el volumen vehicular se construir\u00e1n retornos en la avenida 5-B por calle 60 norte, antes de llegar a la glorieta del Centro de Convenciones Siglo XXI; adem\u00e1s, se concluir\u00e1n dos pasos peatonales de la calle 60 (que s\u00f3lo se construyeron en un solo cuerpo vial) de concreto estampado de norte a sur y viceversa.<br \/>\n&#8211; Modificaci\u00f3n vial y geom\u00e9trica de la intersecci\u00f3n de la avenida Jacinto Canek y la avenida 140 del fraccionamiento Nora Quintana. Se construir\u00e1 un carril de desaceleraci\u00f3n para distribuir los movimientos vehiculares en cada uno de los puntos de conflicto y al mismo tiempo se ordena el tr\u00e1nsito de la intersecci\u00f3n.<br \/>\n&#8211; Construcci\u00f3n de una glorieta para ordenar los flujos vehiculares en la avenida 50 por calle 47 del fraccionamiento Francisco de Montejo. <br \/>\n&#8211; Colocaci\u00f3n de sem\u00e1foros en la intersecci\u00f3n de las calles 50 por 51 de la colonia Pacabt\u00fan con intenso volumen vehicular por la conexi\u00f3n hacia las colonias Fidel Vel\u00e1zquez, Pacabt\u00fan, Amalia Sol\u00f3rzano hacia el fraccionamiento Del Parque.<br \/>\nAsimismo, a solicitud de los colonos de realizar\u00e1 un ordenamiento vial de la avenida Tecnol\u00f3gico (60 norte) con la calle 35-D del fraccionamiento Colonial Buenavista. Se modificar\u00e1 la isleta para que los veh\u00edculos no ingresen en contra flujo y se ampliar\u00e1 el camell\u00f3n de la lateral de la calle 60.<br \/>\nPor \u00faltimo agradeci\u00f3 la presencia de cada uno de los integrantes del Consejo Consultivo de Tr\u00e1nsito y Vialidad y sobre todo el inter\u00e9s en cada uno de los proyectos que se ponen a consideraci\u00f3n. (Comunicado oficial)<\/p>\n","protected":false},"excerpt":{"rendered":"<p>El Consejo Consultivo de Tr\u00e1nsito y Vialidad aprob\u00f3 ayer varios proyectos viales, entre ellos la construcci\u00f3n de una glorieta en Francisco de Montejo y la instalaci\u00f3n de sem\u00e1foros en Pacabt\u00fan.<\/p>\n","protected":false},"author":1,"featured_media":22406,"comment_status":"open","ping_status":"open","sticky":false,"template":"","format":"standard","meta":{"jetpack_post_was_ever_published":false,"_jetpack_newsletter_access":"","_jetpack_dont_email_post_to_subs":false,"_jetpack_newsletter_tier_id":0,"_jetpack_memberships_contains_paywalled_content":false,"_jetpack_memberships_contains_paid_content":false,"footnotes":"","jetpack_publicize_message":"","jetpack_publicize_feature_enabled":true,"jetpack_social_post_already_shared":false,"jetpack_social_options":{"image_generator_settings":{"template":"highway","default_image_id":0,"font":"","enabled":false},"version":2}},"categories":[19,3,1],"tags":[],"class_list":["post-6151","post","type-post","status-publish","format-standard","has-post-thumbnail","hentry","category-de-la-grilla","category-portada","category-sin-categoria"],"jetpack_publicize_connections":[],"jetpack_featured_media_url":"https:\/\/formalprision.com\/wp-content\/uploads\/2012\/12\/aamplias.jpg","jetpack_sharing_enabled":true,"jetpack_shortlink":"https:\/\/wp.me\/p6id8p-1Bd","_links":{"self":[{"href":"https:\/\/formalprision.com\/index.php?rest_route=\/wp\/v2\/posts\/6151","targetHints":{"allow":["GET"]}}],"collection":[{"href":"https:\/\/formalprision.com\/index.php?rest_route=\/wp\/v2\/posts"}],"about":[{"href":"https:\/\/formalprision.com\/index.php?rest_route=\/wp\/v2\/types\/post"}],"author":[{"embeddable":true,"href":"https:\/\/formalprision.com\/index.php?rest_route=\/wp\/v2\/users\/1"}],"replies":[{"embeddable":true,"href":"https:\/\/formalprision.com\/index.php?rest_route=%2Fwp%2Fv2%2Fcomments&post=6151"}],"version-history":[{"count":0,"href":"https:\/\/formalprision.com\/index.php?rest_route=\/wp\/v2\/posts\/6151\/revisions"}],"wp:featuredmedia":[{"embeddable":true,"href":"https:\/\/formalprision.com\/index.php?rest_route=\/wp\/v2\/media\/22406"}],"wp:attachment":[{"href":"https:\/\/formalprision.com\/index.php?rest_route=%2Fwp%2Fv2%2Fmedia&parent=6151"}],"wp:term":[{"taxonomy":"category","embeddable":true,"href":"https:\/\/formalprision.com\/index.php?rest_route=%2Fwp%2Fv2%2Fcategories&post=6151"},{"taxonomy":"post_tag","embeddable":true,"href":"https:\/\/formalprision.com\/index.php?rest_route=%2Fwp%2Fv2%2Ftags&post=6151"}],"curies":[{"name":"wp","href":"https:\/\/api.w.org\/{rel}","templated":true}]}}