{"id":6159,"date":"2012-12-05T16:17:00","date_gmt":"2012-12-05T16:17:00","guid":{"rendered":"http:\/\/formalprision.info\/2012\/12\/05\/toma-posesion-el-gral-martin-luquero\/"},"modified":"2015-06-03T08:49:13","modified_gmt":"2015-06-03T08:49:13","slug":"toma-posesion-el-gral-martin-luquero","status":"publish","type":"post","link":"https:\/\/formalprision.com\/?p=6159","title":{"rendered":"Toma posesi\u00f3n el Gral. Mart\u00edn Luquero como nuevo comandante de la X Regi\u00f3n Militar"},"content":{"rendered":"<div class=\"separator\" style=\"clear: both; text-align: center;\">\n<a href=\"http:\/\/2.bp.blogspot.com\/-QYYrE1_168s\/UL9zMFiIVrI\/AAAAAAAAOuY\/aEyJZWnsQ8U\/s1600\/aagral.JPG\" imageanchor=\"1\" style=\"margin-left: 1em; margin-right: 1em;\"><img loading=\"lazy\" decoding=\"async\" border=\"0\" height=\"320\" nea=\"true\" src=\"http:\/\/formalprision.com\/wp-content\/uploads\/2012\/12\/aagral.jpg\" width=\"291\" \/><\/a><\/div>\n<p>Esta ma\u00f1ana, el Gral. Mart\u00edn Cordero Luque\u00f1o asumi\u00f3 la comandancia de la X Regi\u00f3n Militar, que abarca las fuerzas militares de Yucat\u00e1n, Campeche y Quintana Roo.<\/p>\n<p>El nuevo comandante sustituye al Gral. Virgilio M\u00e9ndez Baz\u00e1n, quien precisamente le dio posesi\u00f3n ahora que este \u00faltimo fue nombrado subsecretario de la Defensa Nacional.<br \/>\nSe confirm\u00f3 que el Gral. M\u00e9ndez Baz\u00e1n es uno de los dos yucatecos con m\u00e1s alto rango dentro e la estructura de la milicia en el gobierno federal que reci\u00e9n inicia, pues, como informamos, el Gral. Luis Arturo Oliver Cen fue nombrado Oficial Mayor de la Sedena.<br \/>\nLa ceremonia en la que tom\u00f3 posesi\u00f3n el Gral. Cordero Luque\u00f1o se realiz\u00f3 en las instalaciones de la X Regi\u00f3n Militar, en el cuartel de la 42 Sur.<br \/>\nEstuvieron presentes los mandos militares de los tres estados la Pen\u00ednsula, incluyendo a la comandancia de la 32 Zona Militar, con sede en Valladolid.<br \/>\nTambi\u00e9n asistieron el gobernador Rolando Zapata Bello, el alcalde Ren\u00e1n Barrera Concha y el secretario de Seguridad P\u00fablica estatal, Luis Felipe Said\u00e9n Ojeda.<\/p>\n","protected":false},"excerpt":{"rendered":"<p>Esta ma\u00f1ana, el Gral. Mart\u00edn Cordero Luque\u00f1o asumi\u00f3 la comandancia de la X Regi\u00f3n Militar, que abarca las fuerzas militares de Yucat\u00e1n, Campeche y Quintana Roo. El nuevo comandante sustituye<\/p>\n","protected":false},"author":1,"featured_media":22421,"comment_status":"open","ping_status":"open","sticky":false,"template":"","format":"standard","meta":{"jetpack_post_was_ever_published":false,"_jetpack_newsletter_access":"","_jetpack_dont_email_post_to_subs":false,"_jetpack_newsletter_tier_id":0,"_jetpack_memberships_contains_paywalled_content":false,"_jetpack_memberships_contains_paid_content":false,"footnotes":"","jetpack_publicize_message":"","jetpack_publicize_feature_enabled":true,"jetpack_social_post_already_shared":false,"jetpack_social_options":{"image_generator_settings":{"template":"highway","default_image_id":0,"font":"","enabled":false},"version":2}},"categories":[19,1],"tags":[],"class_list":["post-6159","post","type-post","status-publish","format-standard","has-post-thumbnail","hentry","category-de-la-grilla","category-sin-categoria"],"jetpack_publicize_connections":[],"jetpack_featured_media_url":"https:\/\/formalprision.com\/wp-content\/uploads\/2012\/12\/aagral.jpg","jetpack_sharing_enabled":true,"jetpack_shortlink":"https:\/\/wp.me\/p6id8p-1Bl","_links":{"self":[{"href":"https:\/\/formalprision.com\/index.php?rest_route=\/wp\/v2\/posts\/6159","targetHints":{"allow":["GET"]}}],"collection":[{"href":"https:\/\/formalprision.com\/index.php?rest_route=\/wp\/v2\/posts"}],"about":[{"href":"https:\/\/formalprision.com\/index.php?rest_route=\/wp\/v2\/types\/post"}],"author":[{"embeddable":true,"href":"https:\/\/formalprision.com\/index.php?rest_route=\/wp\/v2\/users\/1"}],"replies":[{"embeddable":true,"href":"https:\/\/formalprision.com\/index.php?rest_route=%2Fwp%2Fv2%2Fcomments&post=6159"}],"version-history":[{"count":0,"href":"https:\/\/formalprision.com\/index.php?rest_route=\/wp\/v2\/posts\/6159\/revisions"}],"wp:featuredmedia":[{"embeddable":true,"href":"https:\/\/formalprision.com\/index.php?rest_route=\/wp\/v2\/media\/22421"}],"wp:attachment":[{"href":"https:\/\/formalprision.com\/index.php?rest_route=%2Fwp%2Fv2%2Fmedia&parent=6159"}],"wp:term":[{"taxonomy":"category","embeddable":true,"href":"https:\/\/formalprision.com\/index.php?rest_route=%2Fwp%2Fv2%2Fcategories&post=6159"},{"taxonomy":"post_tag","embeddable":true,"href":"https:\/\/formalprision.com\/index.php?rest_route=%2Fwp%2Fv2%2Ftags&post=6159"}],"curies":[{"name":"wp","href":"https:\/\/api.w.org\/{rel}","templated":true}]}}