{"id":6160,"date":"2012-12-05T01:13:00","date_gmt":"2012-12-05T01:13:00","guid":{"rendered":"http:\/\/formalprision.info\/2012\/12\/05\/envian-al-reclusorio-al-ultimo\/"},"modified":"2015-06-03T08:49:13","modified_gmt":"2015-06-03T08:49:13","slug":"envian-al-reclusorio-al-ultimo","status":"publish","type":"post","link":"https:\/\/formalprision.com\/?p=6160","title":{"rendered":"Env\u00edan al reclusorio al \u00faltimo delincuente detenido en Xmatkuil 2012"},"content":{"rendered":"<div class=\"separator\" style=\"clear: both; text-align: center;\">\n<a href=\"http:\/\/1.bp.blogspot.com\/-UaMHoWGzRCI\/UL6X1nrHgwI\/AAAAAAAAOtU\/cpSgXKg0SZs\/s1600\/aaratadferia.JPG\" imageanchor=\"1\" style=\"margin-left: 1em; margin-right: 1em;\"><img loading=\"lazy\" decoding=\"async\" border=\"0\" height=\"320\" nea=\"true\" src=\"http:\/\/formalprision.com\/wp-content\/uploads\/2012\/12\/aaratadferia.jpg\" width=\"213\" \/><\/a><\/div>\n<p>Este d\u00eda, las autoridades ministeriales consignaron a un juzgado penal al que fue el \u00faltimo delincuente detenido en la reci\u00e9n concluida edici\u00f3n de la feria Xmatkuil 2012.<\/p>\n<p>Se trata de Jos\u00e9 Juli\u00e1n Morales Ricardez, quien le rob\u00f3 su bolso de mano a una mujer durante la clausura de la feria.<br \/>\nEl sujeto se apoder\u00f3 de $10,000 y aunque el bolso fue recuperado, el dinero no apareci\u00f3.<br \/>\nEl detenido compareci\u00f3 esta ma\u00f1ana detr\u00e1s de la rejilla de pr\u00e1cticas del Juzgado S\u00e9ptimo Penal, donde es acusado de robo calificado por Mar\u00eda Aurora Tutz\u00edn Baas.<br \/>\nDe acuerdo con la denuncia, el sujeto acudi\u00f3 al \u00faltimo d\u00eda de la feria y cuando caminaba por la avenida principal del recinto ferial observ\u00f3 que debajo de unas cobijas del puesto No. 5 sobresal\u00eda un bolso.<br \/>\nDe un r\u00e1pido movimiento se apoder\u00f3 del bolso, pero fue descubierto por la mujer, quien lo persigui\u00f3 y cuando encontr\u00f3 a unos polic\u00edas les pidi\u00f3 ayuda.<br \/>\nLos agentes le dieron alcance y lo detuvieron con el bulto, pero no hallaron el dinero.<br \/>\nEl detenido neg\u00f3 los hechos en su declaraci\u00f3n y dijo que solamente se qued\u00f3 dormido y en la feria porque estaba ebrio y al despertar ya loe staban deteniendo.<\/p>\n","protected":false},"excerpt":{"rendered":"<p>Este d\u00eda, las autoridades ministeriales consignaron a un juzgado penal al que fue el \u00faltimo delincuente detenido en la reci\u00e9n concluida edici\u00f3n de la feria Xmatkuil 2012. Se trata de<\/p>\n","protected":false},"author":1,"featured_media":22423,"comment_status":"open","ping_status":"open","sticky":false,"template":"","format":"standard","meta":{"jetpack_post_was_ever_published":false,"_jetpack_newsletter_access":"","_jetpack_dont_email_post_to_subs":false,"_jetpack_newsletter_tier_id":0,"_jetpack_memberships_contains_paywalled_content":false,"_jetpack_memberships_contains_paid_content":false,"footnotes":"","jetpack_publicize_message":"","jetpack_publicize_feature_enabled":true,"jetpack_social_post_already_shared":false,"jetpack_social_options":{"image_generator_settings":{"template":"highway","default_image_id":0,"font":"","enabled":false},"version":2}},"categories":[3,1],"tags":[],"class_list":["post-6160","post","type-post","status-publish","format-standard","has-post-thumbnail","hentry","category-portada","category-sin-categoria"],"jetpack_publicize_connections":[],"jetpack_featured_media_url":"https:\/\/formalprision.com\/wp-content\/uploads\/2012\/12\/aaratadferia.jpg","jetpack_sharing_enabled":true,"jetpack_shortlink":"https:\/\/wp.me\/p6id8p-1Bm","_links":{"self":[{"href":"https:\/\/formalprision.com\/index.php?rest_route=\/wp\/v2\/posts\/6160","targetHints":{"allow":["GET"]}}],"collection":[{"href":"https:\/\/formalprision.com\/index.php?rest_route=\/wp\/v2\/posts"}],"about":[{"href":"https:\/\/formalprision.com\/index.php?rest_route=\/wp\/v2\/types\/post"}],"author":[{"embeddable":true,"href":"https:\/\/formalprision.com\/index.php?rest_route=\/wp\/v2\/users\/1"}],"replies":[{"embeddable":true,"href":"https:\/\/formalprision.com\/index.php?rest_route=%2Fwp%2Fv2%2Fcomments&post=6160"}],"version-history":[{"count":0,"href":"https:\/\/formalprision.com\/index.php?rest_route=\/wp\/v2\/posts\/6160\/revisions"}],"wp:featuredmedia":[{"embeddable":true,"href":"https:\/\/formalprision.com\/index.php?rest_route=\/wp\/v2\/media\/22423"}],"wp:attachment":[{"href":"https:\/\/formalprision.com\/index.php?rest_route=%2Fwp%2Fv2%2Fmedia&parent=6160"}],"wp:term":[{"taxonomy":"category","embeddable":true,"href":"https:\/\/formalprision.com\/index.php?rest_route=%2Fwp%2Fv2%2Fcategories&post=6160"},{"taxonomy":"post_tag","embeddable":true,"href":"https:\/\/formalprision.com\/index.php?rest_route=%2Fwp%2Fv2%2Ftags&post=6160"}],"curies":[{"name":"wp","href":"https:\/\/api.w.org\/{rel}","templated":true}]}}