{"id":61608,"date":"2017-11-30T20:26:46","date_gmt":"2017-12-01T01:26:46","guid":{"rendered":"http:\/\/formalprision.com\/?p=61608"},"modified":"2017-11-30T20:26:46","modified_gmt":"2017-12-01T01:26:46","slug":"el-pri-de-yucatan-refrenda-su-apoyo-a-jose-antonio-meade","status":"publish","type":"post","link":"https:\/\/formalprision.com\/?p=61608","title":{"rendered":"El PRI de Yucat\u00e1n refrenda su apoyo a Jos\u00e9 Antonio Meade"},"content":{"rendered":"<p>Ciudad de M\u00e9xico, 30 de noviembre de 2017.- Con el prop\u00f3sito de refrendarle su apoyo al Doctor Jos\u00e9 Antonio Meade Kuribre\u00f1a, los 32 Comit\u00e9s Directivos Estatales (CDE) del Partido Revolucionario Institucional (PRI) realizaron un encuentro con el aspirante pr\u00f3ximo a registrarse para contender por la Presidencia de la Rep\u00fablica para el Proceso Electoral Federal 2017-2018.<\/p>\n<p>El presidente del CDE del PRI de Yucat\u00e1n, Carlos Sobrino Arg\u00e1ez, acompa\u00f1ado de los funcionarios del tricolor yucateco se dieron puntual cita en la Explanada \u201cGustavo Carvajal\u201d, para junto con los otros 31 dirigentes estatales, entregarle al Doctor Jos\u00e9 Antonio Meade Kuribre\u00f1a un documento que avala el apoyo de la militancia a su aspiraci\u00f3n, luego de que ayer la Comisi\u00f3n Pol\u00edtica Permanente del Consejo Pol\u00edtico Nacional del PRI lo autorizar\u00e1 para registrarse en el proceso interno de selecci\u00f3n y postulaci\u00f3n de candidatos.<\/p>\n<p>La reuni\u00f3n inici\u00f3 poco despu\u00e9s del mediod\u00eda, acto que fue presidido por el presidente del CDE de la Ciudad de M\u00e9xico, Eruviel \u00c1vila Villegas, quien al emitir el mensaje inaugural de la reuni\u00f3n, destac\u00f3 que la preparaci\u00f3n de Meade, su austeridad y valores le garantizar\u00e1n al PRI que las reformas contin\u00faen su curso por el bien de los mexicanos.<\/p>\n<p>En ese marco, el Doctor Jos\u00e9 Antonio Meade dijo sentirse muy emocionado y agradecido por la invitaci\u00f3n de los CDE, \u201cvengo a pedirles con humildad que me acompa\u00f1en en mi aspiraci\u00f3n, a contar con ustedes en ese anhelo. Gracias por permitirme acercarme, tenemos un reto importante de frente y vamos a enfrentarlo para consolidar los esfuerzos que hemos hecho juntos para que M\u00e9xico tenga rumbo para apuntalar el trabajo de Enrique Pe\u00f1a Nieto, el primer priista del pa\u00eds\u201d, detall\u00f3.<\/p>\n<p>Por su parte, el dirigente estatal, Carlos Sobrino Arg\u00e1ez, en representaci\u00f3n de los priistas yucatecos entreg\u00f3 el documento que emite la aprobaci\u00f3n del Comit\u00e9 al registro del Doctor Jos\u00e9 Antonio Meade y refiri\u00f3 que la ciudadan\u00eda demanda una figura de prestigio para ganar las pr\u00f3ximas elecciones presidenciales, la cual est\u00e1 representada por el ex funcionario a quien le hizo llegar su compromiso para dar la batalla juntos en el territorio, para en 2018, ganar con la confianza de los mexicanos y yucatecos.<\/p>\n<p>\u201cEn 2018, el PRI junto con Jos\u00e9 Antonio Meade va a demostrar de que est\u00e1 hecho, porque con el respaldo del priismo de Yucat\u00e1n vamos juntos a ganar la historia por M\u00e9xico y por nuestro estado, porque somos y seguiremos siendo un partido que abandera las causas de los ciudadanos\u201d, apunt\u00f3.<\/p>\n<p>Asimismo, destac\u00f3 que el Doctor cuenta con certificaciones acad\u00e9micas en diversas \u00e1reas que enaltecen la trayectoria profesional de 20 a\u00f1os de Meade Kuribre\u00f1a, \u201ces por ello, que tiene la aceptaci\u00f3n y el apoyo del priismo yucateco, porque es un hombre con principios, \u00edntegro que ya tiene la aprobaci\u00f3n del PRI y por supuesto de los 3 sectores y las 4 organizaciones que nos conforman como instituto\u201d, asever\u00f3.<\/p>\n<p>Al encuentro acudieron la secretaria General del CDE, Marisol Sotelo Rej\u00f3n; el secretario General Adjunto, Juan Francisco Medina Sulub; el secretario de organizaci\u00f3n, Rafael Chan Maga\u00f1a; el secretario de Comunicaci\u00f3n y Prensa, Luis Acereto Suaste; el secretario de Acci\u00f3n Electoral, Gaspar Alema\u00f1y Ortiz; el secretario de Gesti\u00f3n Social, Enrique Magad\u00e1n Villamil; el secretario de Vinculaci\u00f3n, Ren\u00e1n Guillermo Gonz\u00e1lez; el secretario de Operaci\u00f3n Pol\u00edtica, Carlos Carrillo Maldonado; la secretaria de Cultura, Carolina Herrera Casares; la subsecretaria de Vinculaci\u00f3n, Ashanty Caballero Palomo, el jefe del Despacho de Presidencia, Jes\u00fas P\u00e9rez Pi\u00f1a y la subsecretaria de Organizaci\u00f3n, Sina\u00ed Rodr\u00edguez Gonz\u00e1lez.<\/p>\n","protected":false},"excerpt":{"rendered":"<p>Ciudad de M\u00e9xico, 30 de noviembre de 2017.- Con el prop\u00f3sito de refrendarle su apoyo al Doctor Jos\u00e9 Antonio Meade Kuribre\u00f1a, los 32 Comit\u00e9s Directivos Estatales (CDE) del Partido Revolucionario<\/p>\n","protected":false},"author":1,"featured_media":61609,"comment_status":"open","ping_status":"open","sticky":false,"template":"","format":"standard","meta":{"jetpack_post_was_ever_published":false,"_jetpack_newsletter_access":"","_jetpack_dont_email_post_to_subs":false,"_jetpack_newsletter_tier_id":0,"_jetpack_memberships_contains_paywalled_content":false,"_jetpack_memberships_contains_paid_content":false,"footnotes":"","jetpack_publicize_message":"","jetpack_publicize_feature_enabled":true,"jetpack_social_post_already_shared":true,"jetpack_social_options":{"image_generator_settings":{"template":"highway","default_image_id":0,"font":"","enabled":false},"version":2}},"categories":[17],"tags":[],"class_list":["post-61608","post","type-post","status-publish","format-standard","has-post-thumbnail","hentry","category-politica-y-gobierno"],"jetpack_publicize_connections":[],"jetpack_featured_media_url":"https:\/\/formalprision.com\/wp-content\/uploads\/2017\/11\/IMG_7797.jpg","jetpack_sharing_enabled":true,"jetpack_shortlink":"https:\/\/wp.me\/p6id8p-g1G","_links":{"self":[{"href":"https:\/\/formalprision.com\/index.php?rest_route=\/wp\/v2\/posts\/61608","targetHints":{"allow":["GET"]}}],"collection":[{"href":"https:\/\/formalprision.com\/index.php?rest_route=\/wp\/v2\/posts"}],"about":[{"href":"https:\/\/formalprision.com\/index.php?rest_route=\/wp\/v2\/types\/post"}],"author":[{"embeddable":true,"href":"https:\/\/formalprision.com\/index.php?rest_route=\/wp\/v2\/users\/1"}],"replies":[{"embeddable":true,"href":"https:\/\/formalprision.com\/index.php?rest_route=%2Fwp%2Fv2%2Fcomments&post=61608"}],"version-history":[{"count":0,"href":"https:\/\/formalprision.com\/index.php?rest_route=\/wp\/v2\/posts\/61608\/revisions"}],"wp:featuredmedia":[{"embeddable":true,"href":"https:\/\/formalprision.com\/index.php?rest_route=\/wp\/v2\/media\/61609"}],"wp:attachment":[{"href":"https:\/\/formalprision.com\/index.php?rest_route=%2Fwp%2Fv2%2Fmedia&parent=61608"}],"wp:term":[{"taxonomy":"category","embeddable":true,"href":"https:\/\/formalprision.com\/index.php?rest_route=%2Fwp%2Fv2%2Fcategories&post=61608"},{"taxonomy":"post_tag","embeddable":true,"href":"https:\/\/formalprision.com\/index.php?rest_route=%2Fwp%2Fv2%2Ftags&post=61608"}],"curies":[{"name":"wp","href":"https:\/\/api.w.org\/{rel}","templated":true}]}}