{"id":61623,"date":"2017-12-01T10:08:28","date_gmt":"2017-12-01T15:08:28","guid":{"rendered":"http:\/\/formalprision.com\/?p=61623"},"modified":"2017-12-05T00:26:32","modified_gmt":"2017-12-05T05:26:32","slug":"solo-3-anos-de-prision-por-matar-a-un-sin-techo","status":"publish","type":"post","link":"https:\/\/formalprision.com\/?p=61623","title":{"rendered":"Solo 3 a\u00f1os de prisi\u00f3n por matar a un \u00absin techo\u00bb"},"content":{"rendered":"<p>A 2 a\u00f1os y 11 meses de prisi\u00f3n fueron sentenciados Jos\u00e9 Gabriel Che Sosa, (a) Jos\u00e9 Gabriel Lara Rosa (a) \u201cChereque\u201d, y su primo Alfonso Eduardo Lara Un (a) \u201cChato\u201d, quienes en 2010 asesinaron a golpes un teporocho apodado \u00abEl G\u00fcero Palma\u00bb.<\/p>\n<p>La sentencia fue tan baja que este domingo saldr\u00e1n de la c\u00e1rcel porque ya la habr\u00e1n compurgado.<\/p>\n<p>Los sujetos, tambi\u00e9n vagabundos con problemas de alcoholismo, se sometieron a un procedimiento abreviado, confesando el crimen a cambio de la condena irrisoria.<\/p>\n<p>No pagar\u00e1n ni un solo centavo a la familia de la v\u00edctima, que al parecer ni reclamar\u00e1 porque el ahora extinto en vida ya no ten\u00eda relaci\u00f3n con ellos porque viv\u00eda en \u00absituaci\u00f3n de calle\u00bb.<\/p>\n<p>\u201cChereque\u201d, y \u201cChato\u201d fueron copart\u00edcipes del asesinato de Luis Felipe Carrillo Escalante y la sentencia fue dictada por el Juzgado Segundo de Control Luis Edwin Mugarte Guerrero.<\/p>\n<p>En la carpeta de investigaci\u00f3n se desprende que el 7 de diciembre del 2014, aproximadamente a las 14 horas, se encontraban reunidos los imputados con Javier Rolando L\u00f3pez Dzul, (a) \u201cMemo\u201d, Manuel Alberto Tuz Kant\u00fan, (a) \u201cEl Pareja\u201d, y el ahora occiso, ingiriendo bebidas embriagantes en la calle 65 por 48, en la calle de la Casa del Pueblo. Todos vagabundos y con afici\u00f3n al alcohol.<br \/>\n\u201cEl Guero\u201d comenz\u00f3 a fanfarronear y decir que no les ten\u00eda miedo a nadie, ya que hab\u00eda sido soldado y se la rifaba con cualquiera.<\/p>\n<p>Fue entonces cuando \u201cEl Chato\u201d y \u201cChereque\u201d decidieron probar lo que dec\u00eda y comenzaron a golpearlo y darle de patadas.<\/p>\n<p>Los dem\u00e1s trataron de separarlos, pero no pudieron y la agresi\u00f3n co tinu\u00f3 porque eran dos contra uno, de manera que al ex soldado le aporrearon la cabeza en la pared y luego lo remataron con un envase de cristal roto, aunque la autopsia revel\u00f3 que la muerte fue por traumatismo craneoencef\u00e1lico.<\/p>\n<p>La v\u00edctima quedo en el piso y los homicidas fueron detenidos un mes despu\u00e9s, aunque estar\u00e1n en las calles el pr\u00f3ximo domingo.<\/p>\n","protected":false},"excerpt":{"rendered":"<p>A 2 a\u00f1os y 11 meses de prisi\u00f3n fueron sentenciados Jos\u00e9 Gabriel Che Sosa, (a) Jos\u00e9 Gabriel Lara Rosa (a) \u201cChereque\u201d, y su primo Alfonso Eduardo Lara Un (a) \u201cChato\u201d,<\/p>\n","protected":false},"author":1,"featured_media":61624,"comment_status":"open","ping_status":"open","sticky":false,"template":"","format":"standard","meta":{"jetpack_post_was_ever_published":false,"_jetpack_newsletter_access":"","_jetpack_dont_email_post_to_subs":false,"_jetpack_newsletter_tier_id":0,"_jetpack_memberships_contains_paywalled_content":false,"_jetpack_memberships_contains_paid_content":false,"footnotes":"","jetpack_publicize_message":"","jetpack_publicize_feature_enabled":true,"jetpack_social_post_already_shared":true,"jetpack_social_options":{"image_generator_settings":{"template":"highway","default_image_id":0,"font":"","enabled":false},"version":2}},"categories":[54],"tags":[],"class_list":["post-61623","post","type-post","status-publish","format-standard","has-post-thumbnail","hentry","category-yucatan"],"jetpack_publicize_connections":[],"jetpack_featured_media_url":"https:\/\/formalprision.com\/wp-content\/uploads\/2017\/12\/IMG_7815.jpg","jetpack_sharing_enabled":true,"jetpack_shortlink":"https:\/\/wp.me\/p6id8p-g1V","_links":{"self":[{"href":"https:\/\/formalprision.com\/index.php?rest_route=\/wp\/v2\/posts\/61623","targetHints":{"allow":["GET"]}}],"collection":[{"href":"https:\/\/formalprision.com\/index.php?rest_route=\/wp\/v2\/posts"}],"about":[{"href":"https:\/\/formalprision.com\/index.php?rest_route=\/wp\/v2\/types\/post"}],"author":[{"embeddable":true,"href":"https:\/\/formalprision.com\/index.php?rest_route=\/wp\/v2\/users\/1"}],"replies":[{"embeddable":true,"href":"https:\/\/formalprision.com\/index.php?rest_route=%2Fwp%2Fv2%2Fcomments&post=61623"}],"version-history":[{"count":0,"href":"https:\/\/formalprision.com\/index.php?rest_route=\/wp\/v2\/posts\/61623\/revisions"}],"wp:featuredmedia":[{"embeddable":true,"href":"https:\/\/formalprision.com\/index.php?rest_route=\/wp\/v2\/media\/61624"}],"wp:attachment":[{"href":"https:\/\/formalprision.com\/index.php?rest_route=%2Fwp%2Fv2%2Fmedia&parent=61623"}],"wp:term":[{"taxonomy":"category","embeddable":true,"href":"https:\/\/formalprision.com\/index.php?rest_route=%2Fwp%2Fv2%2Fcategories&post=61623"},{"taxonomy":"post_tag","embeddable":true,"href":"https:\/\/formalprision.com\/index.php?rest_route=%2Fwp%2Fv2%2Ftags&post=61623"}],"curies":[{"name":"wp","href":"https:\/\/api.w.org\/{rel}","templated":true}]}}