{"id":6164,"date":"2012-12-04T00:32:00","date_gmt":"2012-12-04T00:32:00","guid":{"rendered":"http:\/\/formalprision.info\/2012\/12\/04\/amplian-plazo-para-tramitar-la\/"},"modified":"2015-06-03T08:49:13","modified_gmt":"2015-06-03T08:49:13","slug":"amplian-plazo-para-tramitar-la","status":"publish","type":"post","link":"https:\/\/formalprision.com\/?p=6164","title":{"rendered":"Ampl\u00edan plazo para tramitar la credencial de transporte urbano"},"content":{"rendered":"<div class=\"separator\" style=\"clear: both; text-align: center;\">\n<a href=\"http:\/\/4.bp.blogspot.com\/-h40Hl8RbgAI\/UL1EbF-ulhI\/AAAAAAAAOnw\/y2YXnDnMRGo\/s1600\/la+foto.JPG\" imageanchor=\"1\" style=\"margin-left: 1em; margin-right: 1em;\"><img loading=\"lazy\" decoding=\"async\" border=\"0\" height=\"173\" src=\"http:\/\/formalprision.com\/wp-content\/uploads\/2012\/12\/la-foto.jpg\" tea=\"true\" width=\"320\" \/><\/a><\/div>\n<p>&nbsp;Con el prop\u00f3sito de que ning\u00fan estudiante que lo necesite se quede sin renovar su credencial de descuento del servicio de transporte urbano, autoridades estatales anunciaron una ampliaci\u00f3n del plazo para cumplir con este tr\u00e1mite, que tendr\u00e1 como fecha \u00faltima el pr\u00f3ximo 15 de diciembre.<br \/>\nEn entrevista, el director de la Direcci\u00f3n de Transporte del Estado (DTEY), Henry Sosa Marrufo, inform\u00f3 que la decisi\u00f3n de otorgar una pr\u00f3rroga se determin\u00f3 en atenci\u00f3n de los alumnos regulares de escuelas secundarias, preparatorias y universidades que no pudieron renovar a tiempo su pl\u00e1stico, pero exhort\u00f3 a \u00e9stos a realizarlo lo antes posible para gozar de los beneficios de la tarifa social de tres pesos.<br \/>\n&nbsp;\u00abEsta ser\u00e1 la \u00fanica pr\u00f3rroga que se va a dar para cumplir con este tr\u00e1mite, por lo que pedimos a los estudiantes, alumnos regulares, vayan a renovar su vigencia, porque quien no lo haga, a partir del primero de enero pr\u00f3ximo pagar\u00e1 la tarifa normal por el servicio de transporte urbano\u00bb, puntualiz\u00f3. El funcionario indic\u00f3 que los j\u00f3venes que vayan tramitar su renovaci\u00f3n, que no tiene costo, tendr\u00e1n que presentarse en alguno de los ocho m\u00f3dulos instalados para tal fin, con una constancia de estudios con fotograf\u00eda y la credencial vigente.<br \/>\nEn el caso de los estudiantes de secundaria, personal de la Direcci\u00f3n de Transporte visitar\u00e1 sus planteles educativos para que puedan hacer el cambio, precis\u00f3.<br \/>\n&nbsp;Los m\u00f3dulos de renovaci\u00f3n de las tarjetas se encuentran ubicados en el edificio del Instituto para el Desarrollo y Certificaci\u00f3n de la Infraestructura F\u00edsica Educativa (IDEFEY), en la avenida Zamn\u00e1, Centro Convenciones Yucat\u00e1n Siglo XXI, Ex Penitenciar\u00eda Ju\u00e1rez, Centro Poder Joven, local de la CTM, Plaza Sendero y las oficinas de la DTEY.<br \/>\n&nbsp;El horario de atenci\u00f3n de lunes a viernes, es de ocho a 15:00 horas y los s\u00e1bados de nueve a 13:00 horas. <br \/>\nAl dar un balance del programa de renovaci\u00f3n de credenciales del transporte, que se realiz\u00f3 durante el mes de noviembre, Sosa Marrufo se\u00f1al\u00f3 que hasta el momento m\u00e1s de 40 mil estudiantes han cumplido con este tr\u00e1mite, por lo que se espera que m\u00e1s j\u00f3venes puedan hacerlo con esta ampliaci\u00f3n del plazo.<br \/>\n&nbsp;Por lo que toca a aquellos alumnos que por alguna raz\u00f3n extraviaron su tarjeta, el titular de la DTEY indic\u00f3 que el proceso de reposici\u00f3n comenzar\u00e1 el pr\u00f3ximo siete de enero y tendr\u00e1 un costo de medio salario m\u00ednimo por pl\u00e1stico. (Comunicado Oficial)<\/p>\n<p><\/p>\n","protected":false},"excerpt":{"rendered":"<p>&nbsp;Con el prop\u00f3sito de que ning\u00fan estudiante que lo necesite se quede sin renovar su credencial de descuento del servicio de transporte urbano, autoridades estatales anunciaron una ampliaci\u00f3n del plazo<\/p>\n","protected":false},"author":1,"featured_media":22432,"comment_status":"open","ping_status":"open","sticky":false,"template":"","format":"standard","meta":{"jetpack_post_was_ever_published":false,"_jetpack_newsletter_access":"","_jetpack_dont_email_post_to_subs":false,"_jetpack_newsletter_tier_id":0,"_jetpack_memberships_contains_paywalled_content":false,"_jetpack_memberships_contains_paid_content":false,"footnotes":"","jetpack_publicize_message":"","jetpack_publicize_feature_enabled":true,"jetpack_social_post_already_shared":false,"jetpack_social_options":{"image_generator_settings":{"template":"highway","default_image_id":0,"font":"","enabled":false},"version":2}},"categories":[19,1],"tags":[],"class_list":["post-6164","post","type-post","status-publish","format-standard","has-post-thumbnail","hentry","category-de-la-grilla","category-sin-categoria"],"jetpack_publicize_connections":[],"jetpack_featured_media_url":"https:\/\/formalprision.com\/wp-content\/uploads\/2012\/12\/la-foto.jpg","jetpack_sharing_enabled":true,"jetpack_shortlink":"https:\/\/wp.me\/p6id8p-1Bq","_links":{"self":[{"href":"https:\/\/formalprision.com\/index.php?rest_route=\/wp\/v2\/posts\/6164","targetHints":{"allow":["GET"]}}],"collection":[{"href":"https:\/\/formalprision.com\/index.php?rest_route=\/wp\/v2\/posts"}],"about":[{"href":"https:\/\/formalprision.com\/index.php?rest_route=\/wp\/v2\/types\/post"}],"author":[{"embeddable":true,"href":"https:\/\/formalprision.com\/index.php?rest_route=\/wp\/v2\/users\/1"}],"replies":[{"embeddable":true,"href":"https:\/\/formalprision.com\/index.php?rest_route=%2Fwp%2Fv2%2Fcomments&post=6164"}],"version-history":[{"count":0,"href":"https:\/\/formalprision.com\/index.php?rest_route=\/wp\/v2\/posts\/6164\/revisions"}],"wp:featuredmedia":[{"embeddable":true,"href":"https:\/\/formalprision.com\/index.php?rest_route=\/wp\/v2\/media\/22432"}],"wp:attachment":[{"href":"https:\/\/formalprision.com\/index.php?rest_route=%2Fwp%2Fv2%2Fmedia&parent=6164"}],"wp:term":[{"taxonomy":"category","embeddable":true,"href":"https:\/\/formalprision.com\/index.php?rest_route=%2Fwp%2Fv2%2Fcategories&post=6164"},{"taxonomy":"post_tag","embeddable":true,"href":"https:\/\/formalprision.com\/index.php?rest_route=%2Fwp%2Fv2%2Ftags&post=6164"}],"curies":[{"name":"wp","href":"https:\/\/api.w.org\/{rel}","templated":true}]}}