{"id":61645,"date":"2017-12-03T22:15:51","date_gmt":"2017-12-04T03:15:51","guid":{"rendered":"http:\/\/formalprision.com\/?p=61645"},"modified":"2017-12-03T22:15:51","modified_gmt":"2017-12-04T03:15:51","slug":"el-pri-de-yucatan-se-compromete-con-el-proyecto-de-jose-antonio-meade","status":"publish","type":"post","link":"https:\/\/formalprision.com\/?p=61645","title":{"rendered":"El PRI de Yucat\u00e1n se compromete con el proyecto de Jos\u00e9 Antonio Meade"},"content":{"rendered":"<p>Ciudad de M\u00e9xico, 3 de diciembre de 2017.- En un ambiente de unidad y con entusiasmo el Comit\u00e9 Directivo Estatal (CDE) del Partido Revolucionario Institucional (PRI) en Yucat\u00e1n junto con el primer priista del estado, Rolando Zapata Bello, militantes, simpatizantes y representantes de los sectores y organizaciones del tricolor acompa\u00f1aron al aspirante Jos\u00e9 Antonio Meade Kuribre\u00f1a a registrarse por la precandidatura de este instituto pol\u00edtico a la Presidencia de la Rep\u00fablica.<\/p>\n<p>La en\u00e9rgica delegaci\u00f3n yucateca, encabezada por el primer priista de Yucat\u00e1n, Rolando Zapata Bello acudi\u00f3 desde muy temprano a la explanada del Comit\u00e9 Ejecutivo Nacional (CEN) para una vez m\u00e1s, refrendarle su apoyo al Doctor Meade y para revalidar la unidad que el tricolor ha conservado y defender\u00e1 en el proceso interno de selecci\u00f3n de candidatos que ser\u00e1 validado por el Consejo Pol\u00edtico Nacional del PRI.<\/p>\n<p>Dicho recinto luci\u00f3 abarrotado por los priistas de todos los estados del pa\u00eds, quienes viajaron en compa\u00f1\u00eda de sus comit\u00e9s para estar presentes en un momento hist\u00f3rico para el tricolor y celebrar la decisi\u00f3n de Meade Kuribre\u00f1a quien se registr\u00f3 formalmente como precandidato del PRI a la Presidencia de la Rep\u00fablica con la aprobaci\u00f3n de los siete sectores y organizaciones del Revolucionario Institucional as\u00ed como de los 32 comit\u00e9s directivos estatales quienes lo acompa\u00f1aron en un ambiente de festejo en el cual se cont\u00f3 con la presencia de alcaldes, ex presidentes del instituto y del pa\u00eds.<\/p>\n<p>Al hacer uso de la voz, Jos\u00e9 Antonio Meade Kuribre\u00f1a agradeci\u00f3 el fuerte apoyo de los priistas mexiquenses y se\u00f1al\u00f3 que aspira a servir desde la m\u00e1s alta responsabilidad.<br \/>\n\u201cVengo con humildad a pedir su apoyo para que cada familia viva con seguridad y justicia. Habr\u00e1 combate frontal a la corrupci\u00f3n, ni un peso al margen de la Ley, no m\u00e1s privilegios m\u00e1s que el ser mexicanos, destac\u00f3.<\/p>\n<p>\u00abQuiero ser el candidato de las mujeres. Estamos poniendo el ejemplo, la mitad de las candidaturas que nos lleven al triunfo ser\u00e1n para las mujeres, ilusi\u00f3n a 8 millones de personas con discapacidad y sus familias. M\u00e9xico esto por arriba de visiones peque\u00f1as y perdedoras, para M\u00e9xico no hay obst\u00e1culos\u201d, agreg\u00f3.<\/p>\n<p>Asimismo resalt\u00f3 que con el apoyo de todos, \u201cjuntos vamos a ganar las elecciones de 22018. Acabemos con la idea de que este pa\u00eds se debe reinventar cada 6 a\u00f1os.<\/p>\n<p>\u00abEs el momento de los j\u00f3venes, de su desarrollo, de la certeza de que un mexicano es tan bueno como cualquier otro, 1 de cada 3 candidaturas para las y los j\u00f3venes\u201d, asever\u00f3.<\/p>\n<p>Al respecto de la precampa\u00f1a, Meade coment\u00f3 que \u00e9sta tendr\u00e1 el signo de lo que espero para M\u00e9xico, di\u00e1logo para construir soluciones, \u201cme conducir\u00e9 con la misma rectitud con la que he formado a mi familia\u201d.<\/p>\n<p>Al ser entrevistado en el evento, el dirigente estatal, Carlos Sobrino Arg\u00e1ez refiri\u00f3 que el Revolucionario Institucional seguir\u00e1 caminando en el proceso electoral federal 2017 &#8211; 2018 con una s\u00f3lida unidad y asegur\u00f3 que no hay duda que Jos\u00e9 Antonio es la mejor opci\u00f3n para M\u00e9xico y Yucat\u00e1n porque adem\u00e1s de poseer un gran liderazgo, cuenta con la preparaci\u00f3n acad\u00e9mica necesaria y una extensa experiencia en la funci\u00f3n p\u00fablica.<\/p>\n<p>\u201cLos priistas lo expresamos en nuestra Asamblea Nacional y as\u00ed lo hemos demostrado, nosotros vamos a abanderar las causas de los ciudadanos, por eso estamos convencidos que el Doctor es la mejor opci\u00f3n para continuar con el rumbo que hoy por hoy tiene Yucat\u00e1n y nuestro pa\u00eds\u201d, coment\u00f3 al ser entrevistado al t\u00e9rmino del acto.<\/p>\n<p>De igual manera, indic\u00f3 que de acuerdo con el proceso interno electivo del partido ser\u00e1 la Convenci\u00f3n Nacional de Delegados y Delegadas la que elegir\u00e1 a la candidata o candidato a la Presidencia de la Rep\u00fablica el pr\u00f3ximo domingo 18 de febrero de 2018.<\/p>\n<p>Cabe mencionar que la integraci\u00f3n total de la Convenci\u00f3n Nacional ser\u00e1 de aproximadamente 19 mil 100 Delegadas y Delegados y la elecci\u00f3n de quienes la integran se llevar\u00e1 acabo del 6 al 13 de diciembre. (Comunicado de Prensa)<br \/>\n&#8212;<\/p>\n","protected":false},"excerpt":{"rendered":"<p>Ciudad de M\u00e9xico, 3 de diciembre de 2017.- En un ambiente de unidad y con entusiasmo el Comit\u00e9 Directivo Estatal (CDE) del Partido Revolucionario Institucional (PRI) en Yucat\u00e1n junto con<\/p>\n","protected":false},"author":1,"featured_media":61646,"comment_status":"open","ping_status":"open","sticky":false,"template":"","format":"standard","meta":{"jetpack_post_was_ever_published":false,"_jetpack_newsletter_access":"","_jetpack_dont_email_post_to_subs":false,"_jetpack_newsletter_tier_id":0,"_jetpack_memberships_contains_paywalled_content":false,"_jetpack_memberships_contains_paid_content":false,"footnotes":"","jetpack_publicize_message":"","jetpack_publicize_feature_enabled":true,"jetpack_social_post_already_shared":true,"jetpack_social_options":{"image_generator_settings":{"template":"highway","default_image_id":0,"font":"","enabled":false},"version":2}},"categories":[17],"tags":[],"class_list":["post-61645","post","type-post","status-publish","format-standard","has-post-thumbnail","hentry","category-politica-y-gobierno"],"jetpack_publicize_connections":[],"jetpack_featured_media_url":"https:\/\/formalprision.com\/wp-content\/uploads\/2017\/12\/IMG_7865-e1512357288866.jpg","jetpack_sharing_enabled":true,"jetpack_shortlink":"https:\/\/wp.me\/p6id8p-g2h","_links":{"self":[{"href":"https:\/\/formalprision.com\/index.php?rest_route=\/wp\/v2\/posts\/61645","targetHints":{"allow":["GET"]}}],"collection":[{"href":"https:\/\/formalprision.com\/index.php?rest_route=\/wp\/v2\/posts"}],"about":[{"href":"https:\/\/formalprision.com\/index.php?rest_route=\/wp\/v2\/types\/post"}],"author":[{"embeddable":true,"href":"https:\/\/formalprision.com\/index.php?rest_route=\/wp\/v2\/users\/1"}],"replies":[{"embeddable":true,"href":"https:\/\/formalprision.com\/index.php?rest_route=%2Fwp%2Fv2%2Fcomments&post=61645"}],"version-history":[{"count":0,"href":"https:\/\/formalprision.com\/index.php?rest_route=\/wp\/v2\/posts\/61645\/revisions"}],"wp:featuredmedia":[{"embeddable":true,"href":"https:\/\/formalprision.com\/index.php?rest_route=\/wp\/v2\/media\/61646"}],"wp:attachment":[{"href":"https:\/\/formalprision.com\/index.php?rest_route=%2Fwp%2Fv2%2Fmedia&parent=61645"}],"wp:term":[{"taxonomy":"category","embeddable":true,"href":"https:\/\/formalprision.com\/index.php?rest_route=%2Fwp%2Fv2%2Fcategories&post=61645"},{"taxonomy":"post_tag","embeddable":true,"href":"https:\/\/formalprision.com\/index.php?rest_route=%2Fwp%2Fv2%2Ftags&post=61645"}],"curies":[{"name":"wp","href":"https:\/\/api.w.org\/{rel}","templated":true}]}}