{"id":6166,"date":"2012-12-03T23:22:00","date_gmt":"2012-12-03T23:22:00","guid":{"rendered":"http:\/\/formalprision.info\/2012\/12\/03\/buscan-mayor-coordinacion-entre-la-ssp\/"},"modified":"2015-06-03T08:49:13","modified_gmt":"2015-06-03T08:49:13","slug":"buscan-mayor-coordinacion-entre-la-ssp","status":"publish","type":"post","link":"https:\/\/formalprision.com\/?p=6166","title":{"rendered":"Buscan mayor coordinaci\u00f3n entre la SSP y la Fiscal\u00eda del Estado"},"content":{"rendered":"<div class=\"separator\" style=\"clear: both; text-align: center;\">\n<a href=\"http:\/\/2.bp.blogspot.com\/-utO_z_1S_FE\/UL063Jw9CGI\/AAAAAAAAOms\/mwYm1ILbNZo\/s1600\/aareunis.JPG\" imageanchor=\"1\" style=\"margin-left: 1em; margin-right: 1em;\"><img loading=\"lazy\" decoding=\"async\" border=\"0\" height=\"213\" src=\"http:\/\/formalprision.com\/wp-content\/uploads\/2012\/12\/aareunis.jpg\" tea=\"true\" width=\"320\" \/><\/a><\/div>\n<p>A fin de tener una mayor coordinaci\u00f3n, funcionarios de la Fiscal\u00eda General del Estado y la Secretar\u00eda de Seguridad P\u00fablica sostuvieron este d\u00eda una reuni\u00f3n e trabajo.<\/p>\n<p>En la reuni\u00f3n participaron los titulares de ambas dependencias, Celia Mar\u00eda Rivas Rodr\u00edguez y Luis Felipe Said\u00e9n Ojeda.<br \/>\nLos funcionarios se\u00f1alaron que el gobernador, Rolando Zapata Bello, tiene el compromiso con la sociedad de que sea exitosa la nueva Reforma de Justicia Penal, Acusatoria y Oral, para lo cual son muy importantes las buenas relaciones y la coordinaci\u00f3n entre los cuerpos policiacos del Estado.<br \/>\nAcompa\u00f1ados del secretario Ejecutivo del Consejo Estatal de Seguridad P\u00fablica, Carlos Mart\u00edn Pacheco Medina, la Fiscal y el Secretario presidieron esta ma\u00f1ana una reuni\u00f3n entre funcionarios y los mandos de ambas corporaciones, celebrada en el Instituto de Capacitaci\u00f3n Policial \u201cLuis F. Sotelo Regil\u201d.<br \/>\nEl nuevo Sistema de Justicia Penal ya est\u00e1 vigente en varios municipios del interior del estado y para septiembre de 2013 lo estar\u00e1 en toda la entidad, incluyendo M\u00e9rida, explic\u00f3 la Mtra. Rivas Rodr\u00edguez; por eso es necesario \u2013 apunt\u00f3- que sea m\u00e1s estrecha la vinculaci\u00f3n entre las polic\u00edas estatal y ministerial.<br \/>\nSaid\u00e9n Ojeda, dijo a los elementos de la Fiscal\u00eda y la SSP que todos constituyen un equipo de servidores p\u00fablicos que le brinda seguridad a Yucat\u00e1n porque trabaja en la prevenci\u00f3n y en la persecuci\u00f3n de los delitos y agreg\u00f3 que para que la Reforma Penal sea una buena experiencia tiene que ir de la mano con la coordinaci\u00f3n de las instituciones, \u201cpara que podamos entregar buenas cuentas a la sociedad yucateca\u201d.<\/p>\n<p>Durante el evento, celebrado en el comedor del Instituto de Capacitaci\u00f3n Policial, directores y comandantes de la Fiscal\u00eda y la Secretar\u00eda ocuparon lugares alternados en cada mesa, lo que favoreci\u00f3 la conversaci\u00f3n y el intercambio de experiencias, en un ambiente de camarader\u00eda y respeto profesional.<\/p>\n<p>La Fiscal y el Secretario puntualizaron que las reuniones de trabajo conjuntas ser\u00e1n m\u00e1s frecuentes, para estrechar la colaboraci\u00f3n que redunde en beneficios para la seguridad y la justicia del Estado, tal y como lo ha dispuesto el jefe del Ejecutivo yucateco, Rolando Zapata Bello.<\/p>\n<p>Asistieron tambi\u00e9n el director y subdirector de la Polic\u00eda Ministerial, Juan Marrufo Le\u00f3n y Emilio Zacar\u00edas Laines, respectivamente; el subsecretario de Servicios Viales y el director Operativo de Seguridad Ciudadana de la SSP, Mart\u00edn Inurreta Dom\u00ednguez y Jorge Albert Camargo, respectivamente, entre otros. (Comunicado Oficial)<\/p>\n","protected":false},"excerpt":{"rendered":"<p>A fin de tener una mayor coordinaci\u00f3n, funcionarios de la Fiscal\u00eda General del Estado y la Secretar\u00eda de Seguridad P\u00fablica sostuvieron este d\u00eda una reuni\u00f3n e trabajo. En la reuni\u00f3n<\/p>\n","protected":false},"author":1,"featured_media":22436,"comment_status":"open","ping_status":"open","sticky":false,"template":"","format":"standard","meta":{"jetpack_post_was_ever_published":false,"_jetpack_newsletter_access":"","_jetpack_dont_email_post_to_subs":false,"_jetpack_newsletter_tier_id":0,"_jetpack_memberships_contains_paywalled_content":false,"_jetpack_memberships_contains_paid_content":false,"footnotes":"","jetpack_publicize_message":"","jetpack_publicize_feature_enabled":true,"jetpack_social_post_already_shared":false,"jetpack_social_options":{"image_generator_settings":{"template":"highway","default_image_id":0,"font":"","enabled":false},"version":2}},"categories":[19,3,1],"tags":[],"class_list":["post-6166","post","type-post","status-publish","format-standard","has-post-thumbnail","hentry","category-de-la-grilla","category-portada","category-sin-categoria"],"jetpack_publicize_connections":[],"jetpack_featured_media_url":"https:\/\/formalprision.com\/wp-content\/uploads\/2012\/12\/aareunis.jpg","jetpack_sharing_enabled":true,"jetpack_shortlink":"https:\/\/wp.me\/p6id8p-1Bs","_links":{"self":[{"href":"https:\/\/formalprision.com\/index.php?rest_route=\/wp\/v2\/posts\/6166","targetHints":{"allow":["GET"]}}],"collection":[{"href":"https:\/\/formalprision.com\/index.php?rest_route=\/wp\/v2\/posts"}],"about":[{"href":"https:\/\/formalprision.com\/index.php?rest_route=\/wp\/v2\/types\/post"}],"author":[{"embeddable":true,"href":"https:\/\/formalprision.com\/index.php?rest_route=\/wp\/v2\/users\/1"}],"replies":[{"embeddable":true,"href":"https:\/\/formalprision.com\/index.php?rest_route=%2Fwp%2Fv2%2Fcomments&post=6166"}],"version-history":[{"count":0,"href":"https:\/\/formalprision.com\/index.php?rest_route=\/wp\/v2\/posts\/6166\/revisions"}],"wp:featuredmedia":[{"embeddable":true,"href":"https:\/\/formalprision.com\/index.php?rest_route=\/wp\/v2\/media\/22436"}],"wp:attachment":[{"href":"https:\/\/formalprision.com\/index.php?rest_route=%2Fwp%2Fv2%2Fmedia&parent=6166"}],"wp:term":[{"taxonomy":"category","embeddable":true,"href":"https:\/\/formalprision.com\/index.php?rest_route=%2Fwp%2Fv2%2Fcategories&post=6166"},{"taxonomy":"post_tag","embeddable":true,"href":"https:\/\/formalprision.com\/index.php?rest_route=%2Fwp%2Fv2%2Ftags&post=6166"}],"curies":[{"name":"wp","href":"https:\/\/api.w.org\/{rel}","templated":true}]}}