{"id":6167,"date":"2012-12-03T17:37:00","date_gmt":"2012-12-03T17:37:00","guid":{"rendered":"http:\/\/formalprision.info\/2012\/12\/03\/designan-militar-yucateco-como\/"},"modified":"2015-06-03T08:49:14","modified_gmt":"2015-06-03T08:49:14","slug":"designan-militar-yucateco-como","status":"publish","type":"post","link":"https:\/\/formalprision.com\/?p=6167","title":{"rendered":"Designan a militar yucateco como subsecretario de la Defensa Nacional"},"content":{"rendered":"<div class=\"separator\" style=\"clear: both; text-align: center;\">\n<a href=\"http:\/\/3.bp.blogspot.com\/-zx8_R3Hf6Bw\/ULziF836sAI\/AAAAAAAAOi0\/-wXK-REFdfQ\/s1600\/aaamelit.JPG\" imageanchor=\"1\" style=\"margin-left: 1em; margin-right: 1em;\"><img loading=\"lazy\" decoding=\"async\" border=\"0\" height=\"203\" src=\"http:\/\/formalprision.com\/wp-content\/uploads\/2012\/12\/aaamelit.jpg\" tea=\"true\" width=\"320\" \/><\/a><\/div>\n<p>El militar yucateco Luis Arturo Oliver Cen fue nombrado en alto cargo en&nbsp; la Secretar\u00eda de la Defensa Nacional.<br \/>\nSeg\u00fan informaci\u00f3nd el peri\u00f3dico capitalino El Universal, el militar yucateco sustituye al general Carlos Demetrio Gayt\u00e1n Ochoa en la subsecretar\u00eda de la Defensa Nacional..<br \/>\nSin embargo, otras versiones period\u00e7isticas indican que fue nombrado como Oficial Mayor de la Sedena.<br \/>\nEl problema de la confusi\u00f3n se debe a que la Sedena coloc\u00f3 su fotograf\u00eda en ambos cargos en su p\u00e1gina de internet, pero no hizo prounciamiento alguno.<br \/>\nOliver Cen figur\u00f3 entre los militares que \u201csonaban\u201d para secretario de la Defensa Nacional, cargo que al final de cuentas recay\u00f3 en el Gral Salvador Cienfuegos Zepeda.<br \/>\nFue precisamente Cienfuegos Zepeda el que design\u00f3 a Oliver Cen como subsecretario, seg\u00fan consta en la p\u00e1gina de internet de la Sedena.<br \/>\nEl general de divisi\u00f3n Oliver Cen, es originario de Progreso y ha sido comandante de la 32 Zona Miliar, con sede en Valladolid, entre otros puestos en la milicia.<br \/>\nOliver Cen se desempe\u00f1aba como Oficial Mayor de la Defensa Nacional (EMDN) desde el 16 de septiembre de 2010.<br \/>\nOtro miliar yucateco, el Gral. Virgilio M\u00e9ndez Baz\u00e1n, quien es comandante de la 10. Regi\u00f3n Militar, con sede en M\u00e9rida, tambi\u00e9n ocupar\u00eda un cargo importante en la nueva estructura de la Sedena, aunque hasta el momento no se confirma alg\u00fan nombramiento para \u00e9l, pero se encuentra actualmente en la ciudad de M\u00e9xico por ese asunto.<br \/>\nVersiones period\u00edsticas indican que e\u00b4l ser\u00e1 el subsecretario y Oliver Cen el oficial mayor, con lo que ambos militares yucatecos ocupar\u00edan dos de los puestos m\u00e1s importantes dentro de la milicia nacional.<\/p>\n","protected":false},"excerpt":{"rendered":"<p>El militar yucateco Luis Arturo Oliver Cen fue nombrado en alto cargo en&nbsp; la Secretar\u00eda de la Defensa Nacional. Seg\u00fan informaci\u00f3nd el peri\u00f3dico capitalino El Universal, el militar yucateco sustituye<\/p>\n","protected":false},"author":1,"featured_media":22438,"comment_status":"open","ping_status":"open","sticky":false,"template":"","format":"standard","meta":{"jetpack_post_was_ever_published":false,"_jetpack_newsletter_access":"","_jetpack_dont_email_post_to_subs":false,"_jetpack_newsletter_tier_id":0,"_jetpack_memberships_contains_paywalled_content":false,"_jetpack_memberships_contains_paid_content":false,"footnotes":"","jetpack_publicize_message":"","jetpack_publicize_feature_enabled":true,"jetpack_social_post_already_shared":false,"jetpack_social_options":{"image_generator_settings":{"template":"highway","default_image_id":0,"font":"","enabled":false},"version":2}},"categories":[19,26,1],"tags":[],"class_list":["post-6167","post","type-post","status-publish","format-standard","has-post-thumbnail","hentry","category-de-la-grilla","category-noti-pueblitos","category-sin-categoria"],"jetpack_publicize_connections":[],"jetpack_featured_media_url":"https:\/\/formalprision.com\/wp-content\/uploads\/2012\/12\/aaamelit.jpg","jetpack_sharing_enabled":true,"jetpack_shortlink":"https:\/\/wp.me\/p6id8p-1Bt","_links":{"self":[{"href":"https:\/\/formalprision.com\/index.php?rest_route=\/wp\/v2\/posts\/6167","targetHints":{"allow":["GET"]}}],"collection":[{"href":"https:\/\/formalprision.com\/index.php?rest_route=\/wp\/v2\/posts"}],"about":[{"href":"https:\/\/formalprision.com\/index.php?rest_route=\/wp\/v2\/types\/post"}],"author":[{"embeddable":true,"href":"https:\/\/formalprision.com\/index.php?rest_route=\/wp\/v2\/users\/1"}],"replies":[{"embeddable":true,"href":"https:\/\/formalprision.com\/index.php?rest_route=%2Fwp%2Fv2%2Fcomments&post=6167"}],"version-history":[{"count":0,"href":"https:\/\/formalprision.com\/index.php?rest_route=\/wp\/v2\/posts\/6167\/revisions"}],"wp:featuredmedia":[{"embeddable":true,"href":"https:\/\/formalprision.com\/index.php?rest_route=\/wp\/v2\/media\/22438"}],"wp:attachment":[{"href":"https:\/\/formalprision.com\/index.php?rest_route=%2Fwp%2Fv2%2Fmedia&parent=6167"}],"wp:term":[{"taxonomy":"category","embeddable":true,"href":"https:\/\/formalprision.com\/index.php?rest_route=%2Fwp%2Fv2%2Fcategories&post=6167"},{"taxonomy":"post_tag","embeddable":true,"href":"https:\/\/formalprision.com\/index.php?rest_route=%2Fwp%2Fv2%2Ftags&post=6167"}],"curies":[{"name":"wp","href":"https:\/\/api.w.org\/{rel}","templated":true}]}}