{"id":6191,"date":"2012-11-27T00:35:00","date_gmt":"2012-11-27T00:35:00","guid":{"rendered":"http:\/\/formalprision.info\/2012\/11\/27\/insolito-ponen-en-venta-un-parque-de\/"},"modified":"2015-06-03T08:49:17","modified_gmt":"2015-06-03T08:49:17","slug":"insolito-ponen-en-venta-un-parque-de","status":"publish","type":"post","link":"https:\/\/formalprision.com\/?p=6191","title":{"rendered":"Ins\u00f3lito: ponen en venta un parque del Ayuntamiento de M\u00e9rida"},"content":{"rendered":"<div class=\"separator\" style=\"clear: both; text-align: center;\">\n<a href=\"http:\/\/3.bp.blogspot.com\/-tO7uvkyFoSQ\/ULQKDYJzKkI\/AAAAAAAAOLk\/aq20x099Blg\/s1600\/DSCN0321.JPG\" imageanchor=\"1\" style=\"margin-left: 1em; margin-right: 1em;\"><img loading=\"lazy\" decoding=\"async\" border=\"0\" height=\"240\" src=\"http:\/\/formalprision.com\/wp-content\/uploads\/2012\/11\/DSCN0321.jpg\" tea=\"true\" width=\"320\" \/><\/a><\/div>\n<p>En un hecho ins\u00f3lito, un parque de la ciudad ha sido puesto en venta porque presuntamente es propiedad privada.<\/p>\n<p>Esta situaci\u00f3n ha causado una may\u00fascula inconformidad entre los vecinos, quienes aseguran que el Ayuntamiento de M\u00e9rida act\u00faa pasivamente, pues sabe del problema y no ha tomado cartas en el asunto.<br \/>\nEl parque no es grande y de hecho es uno de los m\u00e1s peque\u00f1os de M\u00e9rida, pero durante 20 a\u00f1os funciona como tal y es un \u00e1rea verde especial para los habitantes de la zona.<br \/>\nSe ubica en el fraccionamiento Jardines Miraflores y es conocido como Manguitos LL, ubicado en la calle 23 entre 18 y 20.<br \/>\nEs uno de tres \u201cmini parques\u201d que hay en la misma cuadra y est\u00e1 a menos de 100 metros del parque Los Mangos, ubicado en la calle 23 por 25 del mismo fraccionamiento.<br \/>\nSeg\u00fan los vecinos, a los tres mini parques se les dot\u00f3 de arriates, bancas y luz mercurial.<br \/>\nEl Ayuntamiento de M\u00e9rida les daba mantenimiento, incluso el que est\u00e1 en venta tiene aun pintado el logo de la pasada administraci\u00f3n pri\u00edsta.<br \/>\nSin embargo, en d\u00edas pasados, el parque fue ofrecido en venta a trav\u00e9s de una leyenda que se pint\u00f3 en el arriate, donde incluso se coloc\u00f3 un n\u00famero de celular para que se den informes sobre el precio de venta.<br \/>\nLos vecinos creyeron que era una broma, pero \u00b4luego vieron como personas desconocidas se llevaron en una camioneta la banca, un poste y otros aditamentos del mini parque.<br \/>\nAl parecer, otros vecinos pintaron sobre los dos \u00faltimos n\u00fameros del celular en el que se dan informes, con lo que ya no se puede saber qui\u00e9n vende dicho parque y cu\u00e1nto pide por esta \u00e1rea verde.<\/p>\n","protected":false},"excerpt":{"rendered":"<p>En un hecho ins\u00f3lito, un parque de la ciudad ha sido puesto en venta porque presuntamente es propiedad privada. Esta situaci\u00f3n ha causado una may\u00fascula inconformidad entre los vecinos, quienes<\/p>\n","protected":false},"author":1,"featured_media":22486,"comment_status":"open","ping_status":"open","sticky":false,"template":"","format":"standard","meta":{"jetpack_post_was_ever_published":false,"_jetpack_newsletter_access":"","_jetpack_dont_email_post_to_subs":false,"_jetpack_newsletter_tier_id":0,"_jetpack_memberships_contains_paywalled_content":false,"_jetpack_memberships_contains_paid_content":false,"footnotes":"","jetpack_publicize_message":"","jetpack_publicize_feature_enabled":true,"jetpack_social_post_already_shared":false,"jetpack_social_options":{"image_generator_settings":{"template":"highway","default_image_id":0,"font":"","enabled":false},"version":2}},"categories":[3,1,54],"tags":[],"class_list":["post-6191","post","type-post","status-publish","format-standard","has-post-thumbnail","hentry","category-portada","category-sin-categoria","category-yucatan"],"jetpack_publicize_connections":[],"jetpack_featured_media_url":"https:\/\/formalprision.com\/wp-content\/uploads\/2012\/11\/DSCN0321.jpg","jetpack_sharing_enabled":true,"jetpack_shortlink":"https:\/\/wp.me\/p6id8p-1BR","_links":{"self":[{"href":"https:\/\/formalprision.com\/index.php?rest_route=\/wp\/v2\/posts\/6191","targetHints":{"allow":["GET"]}}],"collection":[{"href":"https:\/\/formalprision.com\/index.php?rest_route=\/wp\/v2\/posts"}],"about":[{"href":"https:\/\/formalprision.com\/index.php?rest_route=\/wp\/v2\/types\/post"}],"author":[{"embeddable":true,"href":"https:\/\/formalprision.com\/index.php?rest_route=\/wp\/v2\/users\/1"}],"replies":[{"embeddable":true,"href":"https:\/\/formalprision.com\/index.php?rest_route=%2Fwp%2Fv2%2Fcomments&post=6191"}],"version-history":[{"count":0,"href":"https:\/\/formalprision.com\/index.php?rest_route=\/wp\/v2\/posts\/6191\/revisions"}],"wp:featuredmedia":[{"embeddable":true,"href":"https:\/\/formalprision.com\/index.php?rest_route=\/wp\/v2\/media\/22486"}],"wp:attachment":[{"href":"https:\/\/formalprision.com\/index.php?rest_route=%2Fwp%2Fv2%2Fmedia&parent=6191"}],"wp:term":[{"taxonomy":"category","embeddable":true,"href":"https:\/\/formalprision.com\/index.php?rest_route=%2Fwp%2Fv2%2Fcategories&post=6191"},{"taxonomy":"post_tag","embeddable":true,"href":"https:\/\/formalprision.com\/index.php?rest_route=%2Fwp%2Fv2%2Ftags&post=6191"}],"curies":[{"name":"wp","href":"https:\/\/api.w.org\/{rel}","templated":true}]}}