{"id":6198,"date":"2012-11-24T17:56:00","date_gmt":"2012-11-24T17:56:00","guid":{"rendered":"http:\/\/formalprision.info\/2012\/11\/24\/joven-da-luz-en-una-ambulancia-en-plena\/"},"modified":"2015-06-03T08:49:18","modified_gmt":"2015-06-03T08:49:18","slug":"joven-da-luz-en-una-ambulancia-en-plena","status":"publish","type":"post","link":"https:\/\/formalprision.com\/?p=6198","title":{"rendered":"Joven da a luz en una ambulancia en plena carretera a Progreso"},"content":{"rendered":"<div class=\"separator\" style=\"clear: both; text-align: center;\">\n<a href=\"http:\/\/formalprision.com\/wp-content\/uploads\/2012\/11\/aanacio.jpg\" imageanchor=\"1\" style=\"margin-left: 1em; margin-right: 1em;\"><img decoding=\"async\" border=\"0\" rea=\"true\" src=\"http:\/\/formalprision.com\/wp-content\/uploads\/2012\/11\/aanacio.jpg\" \/><\/a><\/div>\n<p>Una joven mujer de Chicxulub Puerto dio a luz en una ambulancia, cuando era trasladada a un hospital en M\u00e9rida.<\/p>\n<p>Dos param\u00e9dicos de la Polic\u00eda de Progreso atendieron con \u00e9xito el alumbramiento.<br \/>\nSe inform\u00f3 que en la ambulancia naci\u00f3 una ni\u00f1a viva y sana, aunque debido a que el alumbramiento fue prematuro, fue internada de urgencia.<br \/>\nDe acuerdo con el informe, los hechos ocurrieron en los primeros minutos de hoy, cuando la Polic\u00eda de Progreso recibi\u00f3 la petici\u00f3n de ayuda de una joven mujer de Chicxulub.<br \/>\nLos param\u00e9dicos Claudia V\u00e1zquez y Manuel Gonz\u00e1lez acudieron al sitio y trasladaron en la ambulancia a la mujer, quien presentaba seis meses de embarazo y ten\u00eda amenaza de aborto.<br \/>\nEn el trayecto a M\u00e9rida, antes de llegar a la capital, ocurri\u00f3 el alumbramiento, por lo que los socorristas atendieron el parto y auxiliaron con \u00e9xito a la mujer.<br \/>\nDe inmediato, la beb\u00e9 y su madre fueron llevados al Hospital Ohor\u00e1n, donde quedaron internados.<\/p>\n","protected":false},"excerpt":{"rendered":"<p>Una joven mujer de Chicxulub Puerto dio a luz en una ambulancia, cuando era trasladada a un hospital en M\u00e9rida. Dos param\u00e9dicos de la Polic\u00eda de Progreso atendieron con \u00e9xito<\/p>\n","protected":false},"author":1,"featured_media":22501,"comment_status":"open","ping_status":"open","sticky":false,"template":"","format":"standard","meta":{"jetpack_post_was_ever_published":false,"_jetpack_newsletter_access":"","_jetpack_dont_email_post_to_subs":false,"_jetpack_newsletter_tier_id":0,"_jetpack_memberships_contains_paywalled_content":false,"_jetpack_memberships_contains_paid_content":false,"footnotes":"","jetpack_publicize_message":"","jetpack_publicize_feature_enabled":true,"jetpack_social_post_already_shared":false,"jetpack_social_options":{"image_generator_settings":{"template":"highway","default_image_id":0,"font":"","enabled":false},"version":2}},"categories":[26,1],"tags":[],"class_list":["post-6198","post","type-post","status-publish","format-standard","has-post-thumbnail","hentry","category-noti-pueblitos","category-sin-categoria"],"jetpack_publicize_connections":[],"jetpack_featured_media_url":"https:\/\/formalprision.com\/wp-content\/uploads\/2012\/11\/aanacio.jpg","jetpack_sharing_enabled":true,"jetpack_shortlink":"https:\/\/wp.me\/p6id8p-1BY","_links":{"self":[{"href":"https:\/\/formalprision.com\/index.php?rest_route=\/wp\/v2\/posts\/6198","targetHints":{"allow":["GET"]}}],"collection":[{"href":"https:\/\/formalprision.com\/index.php?rest_route=\/wp\/v2\/posts"}],"about":[{"href":"https:\/\/formalprision.com\/index.php?rest_route=\/wp\/v2\/types\/post"}],"author":[{"embeddable":true,"href":"https:\/\/formalprision.com\/index.php?rest_route=\/wp\/v2\/users\/1"}],"replies":[{"embeddable":true,"href":"https:\/\/formalprision.com\/index.php?rest_route=%2Fwp%2Fv2%2Fcomments&post=6198"}],"version-history":[{"count":0,"href":"https:\/\/formalprision.com\/index.php?rest_route=\/wp\/v2\/posts\/6198\/revisions"}],"wp:featuredmedia":[{"embeddable":true,"href":"https:\/\/formalprision.com\/index.php?rest_route=\/wp\/v2\/media\/22501"}],"wp:attachment":[{"href":"https:\/\/formalprision.com\/index.php?rest_route=%2Fwp%2Fv2%2Fmedia&parent=6198"}],"wp:term":[{"taxonomy":"category","embeddable":true,"href":"https:\/\/formalprision.com\/index.php?rest_route=%2Fwp%2Fv2%2Fcategories&post=6198"},{"taxonomy":"post_tag","embeddable":true,"href":"https:\/\/formalprision.com\/index.php?rest_route=%2Fwp%2Fv2%2Ftags&post=6198"}],"curies":[{"name":"wp","href":"https:\/\/api.w.org\/{rel}","templated":true}]}}