{"id":6213,"date":"2012-11-22T00:30:00","date_gmt":"2012-11-22T00:30:00","guid":{"rendered":"http:\/\/formalprision.info\/2012\/11\/22\/lo-detienen-por-no-usar-casco-y\/"},"modified":"2015-06-03T08:49:22","modified_gmt":"2015-06-03T08:49:22","slug":"lo-detienen-por-no-usar-casco-y","status":"publish","type":"post","link":"https:\/\/formalprision.com\/?p=6213","title":{"rendered":"Lo detienen por no usar casco y descubren que su moto era robada"},"content":{"rendered":"<div class=\"separator\" style=\"clear: both; text-align: center;\">\n<a href=\"http:\/\/2.bp.blogspot.com\/-l1EiKH67vyM\/UK1ukV7LEFI\/AAAAAAAAN3o\/BMW7FkM8jsI\/s1600\/aaaratademot.jpg\" imageanchor=\"1\" style=\"margin-left: 1em; margin-right: 1em;\"><img loading=\"lazy\" decoding=\"async\" border=\"0\" height=\"274\" rea=\"true\" src=\"http:\/\/formalprision.com\/wp-content\/uploads\/2012\/11\/aaaratademot.jpg\" width=\"320\" \/><\/a><\/div>\n<p>Por no llevar casco de seguridad, un motociclista fue detenido para la infracci\u00f3n de rigor y fue entonces cuando se descubri\u00f3 que la moto era robada.<\/p>\n<p>El sujeto, identificado como Alejandro D\u00edaz Cabrera, fue detenido y consignado al Ministerio P\u00fablico.<br \/>\nLos hechos ocurrieron en Progreso, cuando los agentes polic\u00edacos detuvieron al motociclista en la calle <br \/>\n51 A x 56 y 56 A del fraccionamiento flamboyanes porque no llevaba casco.<br \/>\nLos agentes iban a infraccionarlo solo por ese motivo, pero \u00e9l se puso nervioso y dijo que carec\u00eda de los documentos de la motocicleta, pues no era suya.<br \/>\nLa actitud del motociclista despert\u00f3 las sospechas de los agentes, quienes verificaron en la central de la corporaci\u00f3n el registro de la moto y descubrieron que hab\u00eda sido reportada como robada en la comisar\u00eda de San Ignacio el 19 de Febrero del 2012.<br \/>\nLa denuncia la interpuso en ese entonces Gerardo Antonio Dzib Ek, propietario del veh\u00edculo.<br \/>\nEl sospechoso, de 33 a\u00f1os de edad,&nbsp;fue detenido y trasladado a la c\u00e1rcel municipal para aclarar todo.<\/p>\n","protected":false},"excerpt":{"rendered":"<p>Por no llevar casco de seguridad, un motociclista fue detenido para la infracci\u00f3n de rigor y fue entonces cuando se descubri\u00f3 que la moto era robada. El sujeto, identificado como<\/p>\n","protected":false},"author":1,"featured_media":22528,"comment_status":"open","ping_status":"open","sticky":false,"template":"","format":"standard","meta":{"jetpack_post_was_ever_published":false,"_jetpack_newsletter_access":"","_jetpack_dont_email_post_to_subs":false,"_jetpack_newsletter_tier_id":0,"_jetpack_memberships_contains_paywalled_content":false,"_jetpack_memberships_contains_paid_content":false,"footnotes":"","jetpack_publicize_message":"","jetpack_publicize_feature_enabled":true,"jetpack_social_post_already_shared":false,"jetpack_social_options":{"image_generator_settings":{"template":"highway","default_image_id":0,"font":"","enabled":false},"version":2}},"categories":[47,3,1,49],"tags":[],"class_list":["post-6213","post","type-post","status-publish","format-standard","has-post-thumbnail","hentry","category-narcos","category-portada","category-sin-categoria","category-tocho-morocho"],"jetpack_publicize_connections":[],"jetpack_featured_media_url":"https:\/\/formalprision.com\/wp-content\/uploads\/2012\/11\/aaaratademot.jpg","jetpack_sharing_enabled":true,"jetpack_shortlink":"https:\/\/wp.me\/p6id8p-1Cd","_links":{"self":[{"href":"https:\/\/formalprision.com\/index.php?rest_route=\/wp\/v2\/posts\/6213","targetHints":{"allow":["GET"]}}],"collection":[{"href":"https:\/\/formalprision.com\/index.php?rest_route=\/wp\/v2\/posts"}],"about":[{"href":"https:\/\/formalprision.com\/index.php?rest_route=\/wp\/v2\/types\/post"}],"author":[{"embeddable":true,"href":"https:\/\/formalprision.com\/index.php?rest_route=\/wp\/v2\/users\/1"}],"replies":[{"embeddable":true,"href":"https:\/\/formalprision.com\/index.php?rest_route=%2Fwp%2Fv2%2Fcomments&post=6213"}],"version-history":[{"count":0,"href":"https:\/\/formalprision.com\/index.php?rest_route=\/wp\/v2\/posts\/6213\/revisions"}],"wp:featuredmedia":[{"embeddable":true,"href":"https:\/\/formalprision.com\/index.php?rest_route=\/wp\/v2\/media\/22528"}],"wp:attachment":[{"href":"https:\/\/formalprision.com\/index.php?rest_route=%2Fwp%2Fv2%2Fmedia&parent=6213"}],"wp:term":[{"taxonomy":"category","embeddable":true,"href":"https:\/\/formalprision.com\/index.php?rest_route=%2Fwp%2Fv2%2Fcategories&post=6213"},{"taxonomy":"post_tag","embeddable":true,"href":"https:\/\/formalprision.com\/index.php?rest_route=%2Fwp%2Fv2%2Ftags&post=6213"}],"curies":[{"name":"wp","href":"https:\/\/api.w.org\/{rel}","templated":true}]}}