{"id":6225,"date":"2012-11-19T18:10:00","date_gmt":"2012-11-19T18:10:00","guid":{"rendered":"http:\/\/formalprision.info\/2012\/11\/19\/mata-su-hijita-huye-al-monte-y-lo\/"},"modified":"2015-06-03T08:49:23","modified_gmt":"2015-06-03T08:49:23","slug":"mata-su-hijita-huye-al-monte-y-lo","status":"publish","type":"post","link":"https:\/\/formalprision.com\/?p=6225","title":{"rendered":"Mata a su hijita, huye al monte y lo detienen al d\u00eda siguiente"},"content":{"rendered":"<div class=\"separator\" style=\"clear: both; text-align: center;\">\n<a href=\"http:\/\/3.bp.blogspot.com\/-s1pwGLRC_so\/UKpyYTRIAEI\/AAAAAAAANrg\/Wd175BPTMrU\/s1600\/aaalanina.jpg\" imageanchor=\"1\" style=\"margin-left: 1em; margin-right: 1em;\"><img loading=\"lazy\" decoding=\"async\" border=\"0\" height=\"320\" rea=\"true\" src=\"http:\/\/formalprision.com\/wp-content\/uploads\/2012\/11\/aaalanina.jpg\" width=\"240\" \/><\/a><\/div>\n<div style=\"border-bottom: medium none; border-left: medium none; border-right: medium none; border-top: medium none;\">\n<strong>Un d\u00eda despu\u00e9s de que diera muerte a su hija de un a\u00f1o y seis meses, Jos\u00e9 Luis Dzib Cahum fue detenido por agentes de la Polic\u00eda Municipal de Tizim\u00edn.<\/strong><\/div>\n<p><strong>El sujeto, de 22 a\u00f1os, mat\u00f3 a su hija cuando se encontraba en completo estado de ebriedad y bajo los influjos de la mariguana, aunque no se ha determinado si lo hizo intencionalmente o al quedarse dormido y aplastar a la peque\u00f1a.<\/strong><br \/>\n<strong>Los hechos ocurrieron en una humilde vivienda de Dzonot Carretero, comisaria de Tizim\u00edn ubicada a unos 50 kil\u00f3metros de la cabecera municipal.<\/strong><br \/>\n<strong>Sobre la forma en que ocurri\u00f3 la muerte de la menor hay dos versiones_ la primera dice que el sujeto se qued\u00f3 dormido y aplast\u00f3 a la peque\u00f1a, caus\u00e1ndole la muerte por sofocaci\u00f3n.<\/strong><br \/>\n<strong>La otra versi\u00f3n indica que Imelda de Carmen Chimal Cab, de 16 a\u00f1os y madre de la peque\u00f1a, sali\u00f3 de la casa a hacer compras y dej\u00f3 a la ni\u00f1a con su amasio.<\/strong><br \/>\n<strong>La menor comenz\u00f3 a llorar y como nos e calmaba, el sujeto le produjo la muerte al aprisionarle el pecho para que se callara.<\/strong><\/p>\n<div style=\"border-bottom: medium none; border-left: medium none; border-right: medium none; border-top: medium none;\">\n<strong>Al ver lo que hab\u00eda hecho, el padre de la ni\u00f1a se dio a la fuga cuando lleg\u00f3 su esposa para llevar a la menor a un hospital creyendo que aun estaba con vida.<\/strong><\/div>\n<div style=\"border-bottom: medium none; border-left: medium none; border-right: medium none; border-top: medium none;\">\n<strong>Huy\u00f3 por el monte y estuvo escondido todo el d\u00eda mientras polic\u00edas municipales y de la SSP lo buscaban por todos lados.<\/strong><\/div>\n<div style=\"border-bottom: medium none; border-left: medium none; border-right: medium none; border-top: medium none;\">\n<strong>Hoy fue localizado y detenido para que narre lo que sucedi\u00f3.<\/strong><\/div>\n<p><strong><\/strong><br \/><strong><\/strong><\/p>\n","protected":false},"excerpt":{"rendered":"<p>Un d\u00eda despu\u00e9s de que diera muerte a su hija de un a\u00f1o y seis meses, Jos\u00e9 Luis Dzib Cahum fue detenido por agentes de la Polic\u00eda Municipal de Tizim\u00edn.<\/p>\n","protected":false},"author":1,"featured_media":22552,"comment_status":"open","ping_status":"open","sticky":false,"template":"","format":"standard","meta":{"jetpack_post_was_ever_published":false,"_jetpack_newsletter_access":"","_jetpack_dont_email_post_to_subs":false,"_jetpack_newsletter_tier_id":0,"_jetpack_memberships_contains_paywalled_content":false,"_jetpack_memberships_contains_paid_content":false,"footnotes":"","jetpack_publicize_message":"","jetpack_publicize_feature_enabled":true,"jetpack_social_post_already_shared":false,"jetpack_social_options":{"image_generator_settings":{"template":"highway","default_image_id":0,"font":"","enabled":false},"version":2}},"categories":[47,26,3,1],"tags":[],"class_list":["post-6225","post","type-post","status-publish","format-standard","has-post-thumbnail","hentry","category-narcos","category-noti-pueblitos","category-portada","category-sin-categoria"],"jetpack_publicize_connections":[],"jetpack_featured_media_url":"https:\/\/formalprision.com\/wp-content\/uploads\/2012\/11\/aaalanina.jpg","jetpack_sharing_enabled":true,"jetpack_shortlink":"https:\/\/wp.me\/p6id8p-1Cp","_links":{"self":[{"href":"https:\/\/formalprision.com\/index.php?rest_route=\/wp\/v2\/posts\/6225","targetHints":{"allow":["GET"]}}],"collection":[{"href":"https:\/\/formalprision.com\/index.php?rest_route=\/wp\/v2\/posts"}],"about":[{"href":"https:\/\/formalprision.com\/index.php?rest_route=\/wp\/v2\/types\/post"}],"author":[{"embeddable":true,"href":"https:\/\/formalprision.com\/index.php?rest_route=\/wp\/v2\/users\/1"}],"replies":[{"embeddable":true,"href":"https:\/\/formalprision.com\/index.php?rest_route=%2Fwp%2Fv2%2Fcomments&post=6225"}],"version-history":[{"count":0,"href":"https:\/\/formalprision.com\/index.php?rest_route=\/wp\/v2\/posts\/6225\/revisions"}],"wp:featuredmedia":[{"embeddable":true,"href":"https:\/\/formalprision.com\/index.php?rest_route=\/wp\/v2\/media\/22552"}],"wp:attachment":[{"href":"https:\/\/formalprision.com\/index.php?rest_route=%2Fwp%2Fv2%2Fmedia&parent=6225"}],"wp:term":[{"taxonomy":"category","embeddable":true,"href":"https:\/\/formalprision.com\/index.php?rest_route=%2Fwp%2Fv2%2Fcategories&post=6225"},{"taxonomy":"post_tag","embeddable":true,"href":"https:\/\/formalprision.com\/index.php?rest_route=%2Fwp%2Fv2%2Ftags&post=6225"}],"curies":[{"name":"wp","href":"https:\/\/api.w.org\/{rel}","templated":true}]}}