{"id":62304,"date":"2018-01-05T04:32:28","date_gmt":"2018-01-05T09:32:28","guid":{"rendered":"http:\/\/formalprision.com\/?p=62304"},"modified":"2018-01-05T12:11:38","modified_gmt":"2018-01-05T17:11:38","slug":"comparece-de-nuevo-y-niega-haber-matado-al-fotografo","status":"publish","type":"post","link":"https:\/\/formalprision.com\/?p=62304","title":{"rendered":"Comparece de nuevo y niega haber matado al fot\u00f3grafo"},"content":{"rendered":"<p>Luego de que en la audiencia inicial guard\u00f3 silencio, Alejandro L\u00f3pez Geded ahora si respondi\u00f3 al comparecer de nuevo ante el juez en el proceso que se le sigue por la muerte del fot\u00f3grafo Luis Abraham Gonz\u00e1lez Contreras.<\/p>\n<p>Se dijo inocente, sin motivos para asesinar a quien fuera su compa\u00f1ero de cuarto y argument\u00f3 abuso de autoridad para incriminarlo.<\/p>\n<p>En la audiencia present\u00f3 un escrito en el que manifest\u00f3 su inocencia y denunci\u00f3 tortura.<\/p>\n<p>La audiencia marat\u00f3nica, de m\u00e1s de ocho horas, fue realizada ante el Juez Primero de Control, R\u00f3mulo Antonio Bonilla Casta\u00f1eda, mismo que lo vincul\u00f3 a proceso por el delito de homicidio calificado.<\/p>\n<p>Se le ampli\u00f3 la medida cautelar de prisi\u00f3n preventiva por todo el tiempo que dure el proceso y se estableci\u00f3 tres meses como plazo de cierre de investigaci\u00f3n, tiempo en el que la Fiscal\u00eda continuar\u00e1 con la investigaci\u00f3n para reunir pruebas.<\/p>\n<p>En la audiencia, el joven instructor de boxeo ley\u00f3 su escrito donde asegura que fue torturado en el patio de la Fiscal\u00eda y que varios agentes Ministeriales lo obligaron a firmar su confesi\u00f3n, en la que asegura ser el asesino de quien fuera su compa\u00f1ero de vivienda.<\/p>\n<p>En el documento Alejandro L\u00f3pez reiter\u00f3 su inocencia y afirm\u00f3 no tener motivo alguno para asesinar a Gonz\u00e1lez Contreras, de manera que, a trav\u00e9s de su defensa, pidi\u00f3 que se le liberar\u00e1 argumentando que la confesi\u00f3n le fue arrancada mediante toques el\u00e9ctricos y golpes.<\/p>\n<p>Pese a los alegatos, se le vincul\u00f3 a proceso.<\/p>\n<p>En el expediente se indica que el m\u00f3vil del crimen fue los celos, toda vez que el fot\u00f3grafo se hab\u00eda relacionado sentimentalmente con otra persona y el ahora procesado no estaba de acuerdo con esa relaci\u00f3n.<\/p>\n<p>Como se recordar\u00e1, el crimen se registr\u00f3 el pasado 19 de diciembre en un departamento en el fraccionamiento Jardines del Norte.<\/p>\n<p>Gonz\u00e1lez Contreras recibi\u00f3 un fuerte golpe en el cr\u00e1neo, que lo mat\u00f3 y su asesino y compa\u00f1ero de cuarto, desmembr\u00f3 el cuerpo para meterlo en una pita y una bolsa negra.<\/p>\n<p>Antes trat\u00f3 de quemarlo, pero al no lograrlo, meti\u00f3 el cad\u00e1ver en el auto del ahora occiso y lo fue a arrojar al basurero municipal de Chelem, donde fue encontrado el d\u00eda 28 en avanzado estado de descomposici\u00f3n.<\/p>\n","protected":false},"excerpt":{"rendered":"<p>Luego de que en la audiencia inicial guard\u00f3 silencio, Alejandro L\u00f3pez Geded ahora si respondi\u00f3 al comparecer de nuevo ante el juez en el proceso que se le sigue por<\/p>\n","protected":false},"author":1,"featured_media":62225,"comment_status":"open","ping_status":"open","sticky":false,"template":"","format":"standard","meta":{"jetpack_post_was_ever_published":false,"_jetpack_newsletter_access":"","_jetpack_dont_email_post_to_subs":false,"_jetpack_newsletter_tier_id":0,"_jetpack_memberships_contains_paywalled_content":false,"_jetpack_memberships_contains_paid_content":false,"footnotes":"","jetpack_publicize_message":"","jetpack_publicize_feature_enabled":true,"jetpack_social_post_already_shared":true,"jetpack_social_options":{"image_generator_settings":{"template":"highway","default_image_id":0,"font":"","enabled":false},"version":2}},"categories":[1,54],"tags":[],"class_list":["post-62304","post","type-post","status-publish","format-standard","has-post-thumbnail","hentry","category-sin-categoria","category-yucatan"],"jetpack_publicize_connections":[],"jetpack_featured_media_url":"https:\/\/formalprision.com\/wp-content\/uploads\/2018\/01\/IMG_8418.jpg","jetpack_sharing_enabled":true,"jetpack_shortlink":"https:\/\/wp.me\/p6id8p-gcU","_links":{"self":[{"href":"https:\/\/formalprision.com\/index.php?rest_route=\/wp\/v2\/posts\/62304","targetHints":{"allow":["GET"]}}],"collection":[{"href":"https:\/\/formalprision.com\/index.php?rest_route=\/wp\/v2\/posts"}],"about":[{"href":"https:\/\/formalprision.com\/index.php?rest_route=\/wp\/v2\/types\/post"}],"author":[{"embeddable":true,"href":"https:\/\/formalprision.com\/index.php?rest_route=\/wp\/v2\/users\/1"}],"replies":[{"embeddable":true,"href":"https:\/\/formalprision.com\/index.php?rest_route=%2Fwp%2Fv2%2Fcomments&post=62304"}],"version-history":[{"count":0,"href":"https:\/\/formalprision.com\/index.php?rest_route=\/wp\/v2\/posts\/62304\/revisions"}],"wp:featuredmedia":[{"embeddable":true,"href":"https:\/\/formalprision.com\/index.php?rest_route=\/wp\/v2\/media\/62225"}],"wp:attachment":[{"href":"https:\/\/formalprision.com\/index.php?rest_route=%2Fwp%2Fv2%2Fmedia&parent=62304"}],"wp:term":[{"taxonomy":"category","embeddable":true,"href":"https:\/\/formalprision.com\/index.php?rest_route=%2Fwp%2Fv2%2Fcategories&post=62304"},{"taxonomy":"post_tag","embeddable":true,"href":"https:\/\/formalprision.com\/index.php?rest_route=%2Fwp%2Fv2%2Ftags&post=62304"}],"curies":[{"name":"wp","href":"https:\/\/api.w.org\/{rel}","templated":true}]}}