{"id":62310,"date":"2018-01-05T11:02:45","date_gmt":"2018-01-05T16:02:45","guid":{"rendered":"http:\/\/formalprision.com\/?p=62310"},"modified":"2018-01-05T12:10:30","modified_gmt":"2018-01-05T17:10:30","slug":"ejecutan-y-descuartizan-a-yucateco-en-tulum","status":"publish","type":"post","link":"https:\/\/formalprision.com\/?p=62310","title":{"rendered":"Ejecutan y descuartizan a yucateco en Tulum"},"content":{"rendered":"<p>Un ex migrante yucateco fue ejecutado en Tulum, donde se refugiaba tras involucrarse en un crimen en su natal Oxkutzcab.<\/p>\n<p>Su cuerpo fue hallado desmembrado y con ausencia de varias partes.<\/p>\n<p>Se trata de Antonio Palomo P\u00e9rez (a) \u201cEl Maya\u201d, de 38 a\u00f1os, con un largo historial delictivo y presunto cabecilla de \u201cLos Mayas Unidos\u201d.<\/p>\n<p>Los restos fueron hallados anteayer sobre la banqueta a un costado de la escuela primaria \u201cJulio Ruelas\u201d, aunque se le identific\u00f3 apenas ayer.<\/p>\n<p>Seg\u00fan i formaci\u00f3n difundida en Q. Roo. , la cabeza fue encontrada sobre una narco-manta firmada por la organizaci\u00f3n Gente Nueva, y a un lado, en una bolsa negra, estaban los pies y manos.<\/p>\n<p>El torso, brazos y piernas no fueron encontrados.<\/p>\n<p>Seg\u00fan las versiones hechas p\u00fablicas, \u201cEl Maya\u00bb lleg\u00f3 a Tulum hace m\u00e1s de cinco a\u00f1os, luego de que fuera deportado de los Estados Unidos por cometer delitos relacionados al vandalismo, ya que desde muy joven se involucr\u00f3 en pandillas de esa naci\u00f3n.<\/p>\n<p>En abril del 2012 \u201cEl Maya\u201d hiri\u00f3 de muerte a W\u00edlliam Sansores Uc, alias \u201cLa Parca\u201d, durante la fiesta popular que se celebra en esas fechad en la colonia Mejorada, en Oxkutzcab.<\/p>\n<p>\u201cLa Parca\u201d falleci\u00f3 posteriormente en el hospital O\u2019Hor\u00e1n de M\u00e9rida y \u201cEl Maya\u201d huy\u00f3 hacia Tulum, donde ahora fue ejecutado.<\/p>\n","protected":false},"excerpt":{"rendered":"<p>Un ex migrante yucateco fue ejecutado en Tulum, donde se refugiaba tras involucrarse en un crimen en su natal Oxkutzcab. Su cuerpo fue hallado desmembrado y con ausencia de varias<\/p>\n","protected":false},"author":1,"featured_media":62311,"comment_status":"open","ping_status":"open","sticky":false,"template":"","format":"standard","meta":{"jetpack_post_was_ever_published":false,"_jetpack_newsletter_access":"","_jetpack_dont_email_post_to_subs":false,"_jetpack_newsletter_tier_id":0,"_jetpack_memberships_contains_paywalled_content":false,"_jetpack_memberships_contains_paid_content":false,"footnotes":"","jetpack_publicize_message":"","jetpack_publicize_feature_enabled":true,"jetpack_social_post_already_shared":true,"jetpack_social_options":{"image_generator_settings":{"template":"highway","default_image_id":0,"font":"","enabled":false},"version":2}},"categories":[59,44,47,3],"tags":[],"class_list":["post-62310","post","type-post","status-publish","format-standard","has-post-thumbnail","hentry","category-asesinos","category-morgue","category-narcos","category-portada"],"jetpack_publicize_connections":[],"jetpack_featured_media_url":"https:\/\/formalprision.com\/wp-content\/uploads\/2018\/01\/IMG_8483.jpg","jetpack_sharing_enabled":true,"jetpack_shortlink":"https:\/\/wp.me\/p6id8p-gd0","_links":{"self":[{"href":"https:\/\/formalprision.com\/index.php?rest_route=\/wp\/v2\/posts\/62310","targetHints":{"allow":["GET"]}}],"collection":[{"href":"https:\/\/formalprision.com\/index.php?rest_route=\/wp\/v2\/posts"}],"about":[{"href":"https:\/\/formalprision.com\/index.php?rest_route=\/wp\/v2\/types\/post"}],"author":[{"embeddable":true,"href":"https:\/\/formalprision.com\/index.php?rest_route=\/wp\/v2\/users\/1"}],"replies":[{"embeddable":true,"href":"https:\/\/formalprision.com\/index.php?rest_route=%2Fwp%2Fv2%2Fcomments&post=62310"}],"version-history":[{"count":0,"href":"https:\/\/formalprision.com\/index.php?rest_route=\/wp\/v2\/posts\/62310\/revisions"}],"wp:featuredmedia":[{"embeddable":true,"href":"https:\/\/formalprision.com\/index.php?rest_route=\/wp\/v2\/media\/62311"}],"wp:attachment":[{"href":"https:\/\/formalprision.com\/index.php?rest_route=%2Fwp%2Fv2%2Fmedia&parent=62310"}],"wp:term":[{"taxonomy":"category","embeddable":true,"href":"https:\/\/formalprision.com\/index.php?rest_route=%2Fwp%2Fv2%2Fcategories&post=62310"},{"taxonomy":"post_tag","embeddable":true,"href":"https:\/\/formalprision.com\/index.php?rest_route=%2Fwp%2Fv2%2Ftags&post=62310"}],"curies":[{"name":"wp","href":"https:\/\/api.w.org\/{rel}","templated":true}]}}