{"id":62321,"date":"2018-01-05T19:39:20","date_gmt":"2018-01-06T00:39:20","guid":{"rendered":"http:\/\/formalprision.com\/?p=62321"},"modified":"2018-01-05T19:39:20","modified_gmt":"2018-01-06T00:39:20","slug":"iniciaran-los-dialogos-con-sahui","status":"publish","type":"post","link":"https:\/\/formalprision.com\/?p=62321","title":{"rendered":"Iniciar\u00e1n los \u201cDi\u00e1logos con Sahu\u00ed\u201d"},"content":{"rendered":"<p>M\u00e9rida, Yucat\u00e1n, 5 de enero de 2018.- Escuchar a la militancia tricolor de los 106 municipios yucatecos y conocer sus inquietudes y propuestas a trav\u00e9s de una comunicaci\u00f3n directa y franca es el eje de la precampa\u00f1a del precandidato PRI a la gubernatura del estado, Mauricio Sahu\u00ed Rivero.<\/p>\n<p>Bajo el esquema \u201cDi\u00e1logos con Sahu\u00ed\u201d se reunir\u00e1 con hombres y mujeres priistas del territorio estatal a fin de retroalimentarse e integrar la propuesta para Yucat\u00e1n que ser\u00e1 presentada cuando los tiempos legales lo permitan.<\/p>\n<p>Es por eso que a partir de ahora y hasta concluir el periodo de precampa\u00f1a el pr\u00f3ximo 11 de febrero, el precandidato tendr\u00e1 una agenda de visitas a colonias de la capital yucateca y municipios del interior del estado.<\/p>\n<p>Despu\u00e9s de una primera etapa en la que se realizaron reuniones de trabajo con los diversos sectores y organizaciones adheridas al Partido Revolucionario Institucional -proceso que fortaleci\u00f3 el clima de unidad- las pr\u00f3ximas cinco semanas ser\u00e1n dedicadas a dialogar con las y los priistas de Yucat\u00e1n.<\/p>\n<p>\u201cSiempre es importante escuchar a la familia y la nuestra, la del PRI, es numerosa y con muchas ideas que nos permitir\u00e1n enriquecer nuestra visi\u00f3n del Yucat\u00e1n que queremos para los pr\u00f3ximos a\u00f1os\u201d expres\u00f3 Sahu\u00ed Rivero.<\/p>\n<p>El ex funcionario estatal reconoci\u00f3 el trabajo de cada uno de los sectores del Revolucionario Institucional porque mantienen activas las tareas partidistas lo que fortalece la labor de los liderazgos del tricolor en cada comunidad.<\/p>\n<p>Asimismo, destac\u00f3 la solidez de la estructura territorial que es la columna vertebral del PRI en todo el estado.<\/p>\n<p>\u201cCon los liderazgos, operadores, militantes y simpatizantes mantendremos la cercan\u00eda y la comunicaci\u00f3n directa porque no debe perderse la capacidad de escuchar a nuestra gente\u201d recalc\u00f3.<\/p>\n<p>Sahu\u00ed Rivero sostuvo que el PRI se encuentro unido y con la mira puesta en desarrollar una precampa\u00f1a que contribuya a la cohesi\u00f3n de este instituto pol\u00edtico \u201cporque unidos somos competitivos y ganadores\u201d. (Comunicado de Prensa)<\/p>\n","protected":false},"excerpt":{"rendered":"<p>M\u00e9rida, Yucat\u00e1n, 5 de enero de 2018.- Escuchar a la militancia tricolor de los 106 municipios yucatecos y conocer sus inquietudes y propuestas a trav\u00e9s de una comunicaci\u00f3n directa y<\/p>\n","protected":false},"author":1,"featured_media":62323,"comment_status":"open","ping_status":"open","sticky":false,"template":"","format":"standard","meta":{"jetpack_post_was_ever_published":false,"_jetpack_newsletter_access":"","_jetpack_dont_email_post_to_subs":false,"_jetpack_newsletter_tier_id":0,"_jetpack_memberships_contains_paywalled_content":false,"_jetpack_memberships_contains_paid_content":false,"footnotes":"","jetpack_publicize_message":"","jetpack_publicize_feature_enabled":true,"jetpack_social_post_already_shared":true,"jetpack_social_options":{"image_generator_settings":{"template":"highway","default_image_id":0,"font":"","enabled":false},"version":2}},"categories":[14],"tags":[],"class_list":["post-62321","post","type-post","status-publish","format-standard","has-post-thumbnail","hentry","category-merida"],"jetpack_publicize_connections":[],"jetpack_featured_media_url":"https:\/\/formalprision.com\/wp-content\/uploads\/2018\/01\/IMG_8499-e1515199135634.jpg","jetpack_sharing_enabled":true,"jetpack_shortlink":"https:\/\/wp.me\/p6id8p-gdb","_links":{"self":[{"href":"https:\/\/formalprision.com\/index.php?rest_route=\/wp\/v2\/posts\/62321","targetHints":{"allow":["GET"]}}],"collection":[{"href":"https:\/\/formalprision.com\/index.php?rest_route=\/wp\/v2\/posts"}],"about":[{"href":"https:\/\/formalprision.com\/index.php?rest_route=\/wp\/v2\/types\/post"}],"author":[{"embeddable":true,"href":"https:\/\/formalprision.com\/index.php?rest_route=\/wp\/v2\/users\/1"}],"replies":[{"embeddable":true,"href":"https:\/\/formalprision.com\/index.php?rest_route=%2Fwp%2Fv2%2Fcomments&post=62321"}],"version-history":[{"count":0,"href":"https:\/\/formalprision.com\/index.php?rest_route=\/wp\/v2\/posts\/62321\/revisions"}],"wp:featuredmedia":[{"embeddable":true,"href":"https:\/\/formalprision.com\/index.php?rest_route=\/wp\/v2\/media\/62323"}],"wp:attachment":[{"href":"https:\/\/formalprision.com\/index.php?rest_route=%2Fwp%2Fv2%2Fmedia&parent=62321"}],"wp:term":[{"taxonomy":"category","embeddable":true,"href":"https:\/\/formalprision.com\/index.php?rest_route=%2Fwp%2Fv2%2Fcategories&post=62321"},{"taxonomy":"post_tag","embeddable":true,"href":"https:\/\/formalprision.com\/index.php?rest_route=%2Fwp%2Fv2%2Ftags&post=62321"}],"curies":[{"name":"wp","href":"https:\/\/api.w.org\/{rel}","templated":true}]}}