{"id":62346,"date":"2018-01-08T10:54:10","date_gmt":"2018-01-08T15:54:10","guid":{"rendered":"http:\/\/formalprision.com\/?p=62346"},"modified":"2018-01-10T15:05:39","modified_gmt":"2018-01-10T20:05:39","slug":"cae-en-merida-el-numero-dos-del-cartel-del-itsmo","status":"publish","type":"post","link":"https:\/\/formalprision.com\/?p=62346","title":{"rendered":"Cae en M\u00e9rida el \u00abn\u00famero dos\u00bb del Cartel del Itsmo"},"content":{"rendered":"<p>Agentes de la SSP detuvieron a Fausto Bautista Epitacio, considerado el &#8216;n\u00famero dos&#8217; del Cartel del Itsmo que opera en M\u00e9rida.<\/p>\n<p>Fue detenido en posesi\u00f3n de marihuana y puesto a disposici\u00f3n de la Agencia Especializada de Atenci\u00f3n al Narcomenudeo de la Fiscal\u00eda General del Estado, dando inicio a la carpeta de investigaci\u00f3n N-1\/003\/208.<\/p>\n<p>Sobre el caso se guard\u00f3 total hermetismo, al parecer porque se trata del segundo en la sucesi\u00f3n del mando en ese c\u00e1rtel, alguna vez liderado por su t\u00eda.<\/p>\n<p>La captura ocurre a unos d\u00edas de que su primo Israel Epitacio Eleuterio fue sentenciado a cuatro a\u00f1os y seis meses de c\u00e1rcel por tr\u00e1fico de droga, misma que vend\u00eda entre bailarinas y clientes de los antros de la zona de Kanas\u00edn.<\/p>\n<p>Fausto Bautista Epitacio se convirti\u00f3 en el \u00abn\u00famero dos\u00bb en la organizaci\u00f3n cuando su hermano<br \/>\nHerberth Armando Bautista Epitacio fue detenido hace un par de a\u00f1os.<\/p>\n<p>El cartel es liderado por otro hermano de ellos, de nombre Wilbert, quien pas\u00f3 de 2010 a 2015 preso por transportar 400 kilos de mariguana por calles de la colonia Villa Magna.<\/p>\n<p>Otros miembros del clan que han sido detenidos son Enrique Epitacio Eleuterio y Josefina Epitacio Eleuterio.<\/p>\n<p>Este c\u00e1rtel no se termina porque participan varios primos y otros familiares cercanos<\/p>\n","protected":false},"excerpt":{"rendered":"<p>Agentes de la SSP detuvieron a Fausto Bautista Epitacio, considerado el &#8216;n\u00famero dos&#8217; del Cartel del Itsmo que opera en M\u00e9rida. Fue detenido en posesi\u00f3n de marihuana y puesto a<\/p>\n","protected":false},"author":1,"featured_media":62347,"comment_status":"open","ping_status":"open","sticky":false,"template":"","format":"standard","meta":{"jetpack_post_was_ever_published":false,"_jetpack_newsletter_access":"","_jetpack_dont_email_post_to_subs":false,"_jetpack_newsletter_tier_id":0,"_jetpack_memberships_contains_paywalled_content":false,"_jetpack_memberships_contains_paid_content":false,"footnotes":"","jetpack_publicize_message":"","jetpack_publicize_feature_enabled":true,"jetpack_social_post_already_shared":true,"jetpack_social_options":{"image_generator_settings":{"template":"highway","default_image_id":0,"font":"","enabled":false},"version":2}},"categories":[14],"tags":[],"class_list":["post-62346","post","type-post","status-publish","format-standard","has-post-thumbnail","hentry","category-merida"],"jetpack_publicize_connections":[],"jetpack_featured_media_url":"https:\/\/formalprision.com\/wp-content\/uploads\/2018\/01\/IMG_7748-e1515426793996.jpg","jetpack_sharing_enabled":true,"jetpack_shortlink":"https:\/\/wp.me\/p6id8p-gdA","_links":{"self":[{"href":"https:\/\/formalprision.com\/index.php?rest_route=\/wp\/v2\/posts\/62346","targetHints":{"allow":["GET"]}}],"collection":[{"href":"https:\/\/formalprision.com\/index.php?rest_route=\/wp\/v2\/posts"}],"about":[{"href":"https:\/\/formalprision.com\/index.php?rest_route=\/wp\/v2\/types\/post"}],"author":[{"embeddable":true,"href":"https:\/\/formalprision.com\/index.php?rest_route=\/wp\/v2\/users\/1"}],"replies":[{"embeddable":true,"href":"https:\/\/formalprision.com\/index.php?rest_route=%2Fwp%2Fv2%2Fcomments&post=62346"}],"version-history":[{"count":0,"href":"https:\/\/formalprision.com\/index.php?rest_route=\/wp\/v2\/posts\/62346\/revisions"}],"wp:featuredmedia":[{"embeddable":true,"href":"https:\/\/formalprision.com\/index.php?rest_route=\/wp\/v2\/media\/62347"}],"wp:attachment":[{"href":"https:\/\/formalprision.com\/index.php?rest_route=%2Fwp%2Fv2%2Fmedia&parent=62346"}],"wp:term":[{"taxonomy":"category","embeddable":true,"href":"https:\/\/formalprision.com\/index.php?rest_route=%2Fwp%2Fv2%2Fcategories&post=62346"},{"taxonomy":"post_tag","embeddable":true,"href":"https:\/\/formalprision.com\/index.php?rest_route=%2Fwp%2Fv2%2Ftags&post=62346"}],"curies":[{"name":"wp","href":"https:\/\/api.w.org\/{rel}","templated":true}]}}