{"id":62374,"date":"2018-01-10T14:36:38","date_gmt":"2018-01-10T19:36:38","guid":{"rendered":"http:\/\/formalprision.com\/?p=62374"},"modified":"2018-01-10T14:36:38","modified_gmt":"2018-01-10T19:36:38","slug":"detenida-por-apropiarse-del-hijo-de-su-marido-muerto","status":"publish","type":"post","link":"https:\/\/formalprision.com\/?p=62374","title":{"rendered":"Detenida por &#8216;apropiarse&#8217; del hijo de su marido muerto"},"content":{"rendered":"<p>Polic\u00edas Ministeriales detuvieron en la Ciudad de M\u00e9xico a Elizabeth Gonz\u00e1lez Vieyra, acusada de sustracci\u00f3n de menores, toda vez que se neg\u00f3 a regresar al hijo de su pareja sentimental que falleci\u00f3 en noviembre pasado.<\/p>\n<p>Se le captur\u00f3 en cumplimiento de una orden de aprehensi\u00f3n que emiti\u00f3 el juez de control R\u00f3mulo Antonio Bonilla Casta\u00f1eda, por denuncia de la se\u00f1ora Dulce Mar\u00eda Gonz\u00e1lez Trinidad.<\/p>\n<p>Por este caso tambi\u00e9n se emiti\u00f3 una Alerta Amber a nivel nacional para dar con el ni\u00f1o.<\/p>\n<p>Por ser un delito no considerado grave, el juez Bonilla Casta\u00f1eda le concedi\u00f3 la libertad condicional, a cambio de una garant\u00eda econ\u00f3mica de 15 mil pesos, acudir a firmar los primeros 5 d\u00edas del mes en el Centro Estatal de Medidas Cautelares; no salir del Estado; portar localizador electr\u00f3nico, y la prohibici\u00f3n de acercarse a la v\u00edctima.<\/p>\n<p>Seg\u00fan el expediente, el 4 de agosto pasado, el Juez Segundo de Oralidad Familiar otorg\u00f3 la guarda y custodia del menor a favor de la denunciante Gonz\u00e1lez Trinidad, madre del ni\u00f1o.<\/p>\n<p>Tambi\u00e9n orden\u00f3 que el se\u00f1or Rub\u00e9n Tello Trevi\u00f1o, de forma inmediata, entregara al menor de edad, pero no lo hizo y se fue a vivir a la capital de la Rep\u00fablica, junto con su pareja.<\/p>\n<p>El 11 de noviembre pasado falleci\u00f3 Tello Trevi\u00f1o y continu\u00f3 el menor bajo la custodia material e ileg\u00edtima de quien fuera la pareja sentimental.<\/p>\n<p>Es el caso que el 6 de diciembre pasado, nuevamente dicho juez orden\u00f3 se otorgue la guarda y custodia definitiva del menor a la madre de \u00e9ste, en virtud del fallecimiento del padre.<\/p>\n<p>El 7 de diciembre se activ\u00f3 la Pre Alerta Amber Nacional y desde el 14 de diciembre se ampli\u00f3 a nivel nacional en todas las entidades de la Rep\u00fablica Mexicana.<\/p>\n<p>R\u00e1pidamente fue ubicada y detenida, traslad\u00e1ndola a esta ciudad.<\/p>\n","protected":false},"excerpt":{"rendered":"<p>Polic\u00edas Ministeriales detuvieron en la Ciudad de M\u00e9xico a Elizabeth Gonz\u00e1lez Vieyra, acusada de sustracci\u00f3n de menores, toda vez que se neg\u00f3 a regresar al hijo de su pareja sentimental<\/p>\n","protected":false},"author":1,"featured_media":62375,"comment_status":"open","ping_status":"open","sticky":false,"template":"","format":"standard","meta":{"jetpack_post_was_ever_published":false,"_jetpack_newsletter_access":"","_jetpack_dont_email_post_to_subs":false,"_jetpack_newsletter_tier_id":0,"_jetpack_memberships_contains_paywalled_content":false,"_jetpack_memberships_contains_paid_content":false,"footnotes":"","jetpack_publicize_message":"","jetpack_publicize_feature_enabled":true,"jetpack_social_post_already_shared":true,"jetpack_social_options":{"image_generator_settings":{"template":"highway","default_image_id":0,"font":"","enabled":false},"version":2}},"categories":[3],"tags":[],"class_list":["post-62374","post","type-post","status-publish","format-standard","has-post-thumbnail","hentry","category-portada"],"jetpack_publicize_connections":[],"jetpack_featured_media_url":"https:\/\/formalprision.com\/wp-content\/uploads\/2018\/01\/IMG_8551.jpg","jetpack_sharing_enabled":true,"jetpack_shortlink":"https:\/\/wp.me\/p6id8p-ge2","_links":{"self":[{"href":"https:\/\/formalprision.com\/index.php?rest_route=\/wp\/v2\/posts\/62374","targetHints":{"allow":["GET"]}}],"collection":[{"href":"https:\/\/formalprision.com\/index.php?rest_route=\/wp\/v2\/posts"}],"about":[{"href":"https:\/\/formalprision.com\/index.php?rest_route=\/wp\/v2\/types\/post"}],"author":[{"embeddable":true,"href":"https:\/\/formalprision.com\/index.php?rest_route=\/wp\/v2\/users\/1"}],"replies":[{"embeddable":true,"href":"https:\/\/formalprision.com\/index.php?rest_route=%2Fwp%2Fv2%2Fcomments&post=62374"}],"version-history":[{"count":0,"href":"https:\/\/formalprision.com\/index.php?rest_route=\/wp\/v2\/posts\/62374\/revisions"}],"wp:featuredmedia":[{"embeddable":true,"href":"https:\/\/formalprision.com\/index.php?rest_route=\/wp\/v2\/media\/62375"}],"wp:attachment":[{"href":"https:\/\/formalprision.com\/index.php?rest_route=%2Fwp%2Fv2%2Fmedia&parent=62374"}],"wp:term":[{"taxonomy":"category","embeddable":true,"href":"https:\/\/formalprision.com\/index.php?rest_route=%2Fwp%2Fv2%2Fcategories&post=62374"},{"taxonomy":"post_tag","embeddable":true,"href":"https:\/\/formalprision.com\/index.php?rest_route=%2Fwp%2Fv2%2Ftags&post=62374"}],"curies":[{"name":"wp","href":"https:\/\/api.w.org\/{rel}","templated":true}]}}