{"id":62380,"date":"2018-01-10T15:10:03","date_gmt":"2018-01-10T20:10:03","guid":{"rendered":"http:\/\/formalprision.com\/?p=62380"},"modified":"2018-01-10T15:10:03","modified_gmt":"2018-01-10T20:10:03","slug":"entregan-chamarras-para-disminuir-ausentismo-escolar-en-invierno","status":"publish","type":"post","link":"https:\/\/formalprision.com\/?p=62380","title":{"rendered":"Entregan chamarras para disminuir ausentismo escolar en invierno"},"content":{"rendered":"<p>Um\u00e1n, Yucat\u00e1n, 10 de enero de 2018.- A un total de seis mil 661 ni\u00f1as y ni\u00f1os de Um\u00e1n se les entreg\u00f3 chamarras del programa Bienestar Escolar en su fase invernal, con el objetivo de disminuir el ausentismo en las aulas y contribuir con la prevenci\u00f3n de enfermedades respiratorias ante las bajas temperaturas.<\/p>\n<p>El director General del Sistema para el Desarrollo Integral de la Familia (DIF) Yucat\u00e1n, Jos\u00e9 Limber Sosa Lara, otorg\u00f3 los abrigos a estudiantes de 36 escuelas de ese municipio, acci\u00f3n que forma parte del compromiso del Gobierno del Estado de distribuir m\u00e1s de 215 mil prendas para educaci\u00f3n b\u00e1sica en todo el territorio.<\/p>\n<p>En evento celebrando en la primaria \u201cSebasti\u00e1n Pav\u00eda Villanueva\u201d, el funcionario destac\u00f3 que esta vertiente de Bienestar Escolar se suma a los \u00fatiles, mochilas, zapatos y uniformes que dieron al inicio del curso escolar, con lo cual se apoya la econom\u00eda de las familias yucatecas.<\/p>\n<p>\u00abAs\u00ed como nosotros estamos hoy distribuyendo seis mil 661 chamarras de manera simult\u00e1nea en este municipio, as\u00ed se est\u00e1 haciendo en todo el territorio, donde se van a entregar m\u00e1s de 215 mil chamarras\u00bb, subray\u00f3.<\/p>\n<p>Otro punto que visit\u00f3 el titular del DIF Yucat\u00e1n en Um\u00e1n fue la primaria \u201cSalvador Alvarado\u201d, donde resalt\u00f3 que estas acciones se realizan con la visi\u00f3n de que la mejor inversi\u00f3n es aquella que se hace a favor de las ni\u00f1as, ni\u00f1os y j\u00f3venes.<\/p>\n<p>\u00abPorque si formamos gente de bien, de ah\u00ed saldr\u00e1n profesionales en ingenier\u00eda, educaci\u00f3n o medicina, que dar\u00e1n rumbo al desarrollo que hoy estamos impulsando\u00bb, acot\u00f3.<\/p>\n<p>En ese sentido, la se\u00f1ora Aracely Pech Cauich, madre de familia con hijos beneficiados, reconoci\u00f3 el esfuerzo del Gobierno para llevar este apoyo a todos los rincones del estado, sobre todo en las fechas y en las zonas que m\u00e1s bajas temperaturas registran.<\/p>\n<p>\u00abM\u00e1s que para nosotros, es una gran ayuda para nuestras ni\u00f1as y ni\u00f1os, porque ya no sufren el fr\u00edo y no estamos con el pendiente de que se nos enfermen por la heladez\u00bb, coment\u00f3. (Comunicado de Prensa)<\/p>\n","protected":false},"excerpt":{"rendered":"<p>Um\u00e1n, Yucat\u00e1n, 10 de enero de 2018.- A un total de seis mil 661 ni\u00f1as y ni\u00f1os de Um\u00e1n se les entreg\u00f3 chamarras del programa Bienestar Escolar en su fase<\/p>\n","protected":false},"author":1,"featured_media":62381,"comment_status":"open","ping_status":"open","sticky":false,"template":"","format":"standard","meta":{"jetpack_post_was_ever_published":false,"_jetpack_newsletter_access":"","_jetpack_dont_email_post_to_subs":false,"_jetpack_newsletter_tier_id":0,"_jetpack_memberships_contains_paywalled_content":false,"_jetpack_memberships_contains_paid_content":false,"footnotes":"","jetpack_publicize_message":"","jetpack_publicize_feature_enabled":true,"jetpack_social_post_already_shared":true,"jetpack_social_options":{"image_generator_settings":{"template":"highway","default_image_id":0,"font":"","enabled":false},"version":2}},"categories":[17],"tags":[],"class_list":["post-62380","post","type-post","status-publish","format-standard","has-post-thumbnail","hentry","category-politica-y-gobierno"],"jetpack_publicize_connections":[],"jetpack_featured_media_url":"https:\/\/formalprision.com\/wp-content\/uploads\/2018\/01\/IMG_8557-e1515614956673.jpg","jetpack_sharing_enabled":true,"jetpack_shortlink":"https:\/\/wp.me\/p6id8p-ge8","_links":{"self":[{"href":"https:\/\/formalprision.com\/index.php?rest_route=\/wp\/v2\/posts\/62380","targetHints":{"allow":["GET"]}}],"collection":[{"href":"https:\/\/formalprision.com\/index.php?rest_route=\/wp\/v2\/posts"}],"about":[{"href":"https:\/\/formalprision.com\/index.php?rest_route=\/wp\/v2\/types\/post"}],"author":[{"embeddable":true,"href":"https:\/\/formalprision.com\/index.php?rest_route=\/wp\/v2\/users\/1"}],"replies":[{"embeddable":true,"href":"https:\/\/formalprision.com\/index.php?rest_route=%2Fwp%2Fv2%2Fcomments&post=62380"}],"version-history":[{"count":0,"href":"https:\/\/formalprision.com\/index.php?rest_route=\/wp\/v2\/posts\/62380\/revisions"}],"wp:featuredmedia":[{"embeddable":true,"href":"https:\/\/formalprision.com\/index.php?rest_route=\/wp\/v2\/media\/62381"}],"wp:attachment":[{"href":"https:\/\/formalprision.com\/index.php?rest_route=%2Fwp%2Fv2%2Fmedia&parent=62380"}],"wp:term":[{"taxonomy":"category","embeddable":true,"href":"https:\/\/formalprision.com\/index.php?rest_route=%2Fwp%2Fv2%2Fcategories&post=62380"},{"taxonomy":"post_tag","embeddable":true,"href":"https:\/\/formalprision.com\/index.php?rest_route=%2Fwp%2Fv2%2Ftags&post=62380"}],"curies":[{"name":"wp","href":"https:\/\/api.w.org\/{rel}","templated":true}]}}