{"id":62395,"date":"2018-01-11T00:03:36","date_gmt":"2018-01-11T05:03:36","guid":{"rendered":"http:\/\/formalprision.com\/?p=62395"},"modified":"2018-01-11T00:03:36","modified_gmt":"2018-01-11T05:03:36","slug":"el-pri-una-gran-familia-que-se-mantiene-solida","status":"publish","type":"post","link":"https:\/\/formalprision.com\/?p=62395","title":{"rendered":"El PRI, una gran familia que se mantiene s\u00f3lida"},"content":{"rendered":"<p>M\u00e9rida, Yucat\u00e1n, 10 de enero de 2018.- El precandidato del PRI a la gubernatura, Mauricio Sahu\u00ed Rivero, se\u00f1al\u00f3 que el tricolor es una gran familia que, como la yucateca, es noble y de valores vinculados a la solidaridad y el trabajo en equipo.<\/p>\n<p>En el emblem\u00e1tico parque de las Am\u00e9ricas, ante priistas de la colonia Garc\u00eda Giner\u00e9s y del centro de la ciudad, particip\u00f3 en la jornada \u201cDialogando con Sahu\u00ed\u201d acompa\u00f1ado del diputado federal Pablo Gamboa Miner en la que se expusieron diversas ideas sobre el rumbo que debe tener la entidad.<\/p>\n<p>Las personas participantes solicitaron que se mantengan las acciones que benefician principalmente a la ni\u00f1ez, las mujeres y a los que tienen m\u00e1s de 60 a\u00f1os de edad.<\/p>\n<p>\u00abLa mujer es eje en las familias yucatecas, seguiremos apost\u00e1ndole a su desarrollo y generando igualdad de oportunidades. En su motivaci\u00f3n perpetuamos la sociedad con valores que forma a ni\u00f1as y ni\u00f1os con educaci\u00f3n c\u00edvica, a j\u00f3venes con visi\u00f3n competitiva, a abuelitos que son respetados y valorados\u00bb, destac\u00f3 el precandidato.<\/p>\n<p>Acompa\u00f1ado de su esposa Yamile Segu\u00ed Isaac, y del presidente del Comit\u00e9 Directivo Municipal (CDM) del PRI, Jorge Esquivel Millet, Sahu\u00ed Rivero dijo que en esta primera etapa se dedicar\u00e1 a construir junto con la militancia tricolor propuestas s\u00f3lidas que respondan a las inquietudes de las y los yucatecos.<\/p>\n<p>Ana Graciela Fern\u00e1ndez Quijano plante\u00f3 que el respaldo que existe hacia las organizaciones de la sociedad civil debe mantenerse porque son aliadas de las autoridades de los tres \u00f3rdenes de gobierno.<\/p>\n<p>En la colonia Amapolita, Sahu\u00ed Rivero tambi\u00e9n con vecinos de Chenk\u00fa, El Porvenir y Lindavista, que forman parte del distrito III local, en donde Rosa Isela Narv\u00e1ez Vidal, subray\u00f3 la necesidad de que existan m\u00e1s centros especializados para atender integralmente a personas con alguna discapacidad.<\/p>\n<p>\u00abTengo una hija con discapacidad auditiva, que hace cinco a\u00f1os termin\u00f3 su carrera y no ha podido encontrar un empleo formal, lo mismo pasa con los adultos mayores que ya no son contratados porque no miran sus capacidades, todos tenemos los mismos derechos y merecemos una vida digna\u00bb, se\u00f1al\u00f3.<\/p>\n<p>En ese sentido, el precandidato del PRI coment\u00f3 en el presente Yucat\u00e1n cuenta con gobiernos humanos y cercanos que han desarrollado acciones para atender a grupos vulnerables de la poblaci\u00f3n y esa pol\u00edtica social debe continuar.<\/p>\n<p>\u00abLa felicidad de un hijo es lo mejor que a un adulto se le puede dar\u00bb, afirm\u00f3 Judith Pech Ruelas, tras se\u00f1alar que aunque los planteles educativos p\u00fablicos son de alta calidad, se requieren m\u00e1s instalaciones vespertinas donde los infantes puedan ir a practicar deporte o cursos de arte que los alejen de adicciones y del uso excesivo de tecnolog\u00edas.<\/p>\n<p>Algunas de las propuestas formuladas fueron: ampliar los programas sociales; cr\u00e9ditos para madres de familia; un instituto para personas con autismo y becas para universitarios. (Comunicado de Prensa)<\/p>\n","protected":false},"excerpt":{"rendered":"<p>M\u00e9rida, Yucat\u00e1n, 10 de enero de 2018.- El precandidato del PRI a la gubernatura, Mauricio Sahu\u00ed Rivero, se\u00f1al\u00f3 que el tricolor es una gran familia que, como la yucateca, es<\/p>\n","protected":false},"author":1,"featured_media":62396,"comment_status":"open","ping_status":"open","sticky":false,"template":"","format":"standard","meta":{"jetpack_post_was_ever_published":false,"_jetpack_newsletter_access":"","_jetpack_dont_email_post_to_subs":false,"_jetpack_newsletter_tier_id":0,"_jetpack_memberships_contains_paywalled_content":false,"_jetpack_memberships_contains_paid_content":false,"footnotes":"","jetpack_publicize_message":"","jetpack_publicize_feature_enabled":true,"jetpack_social_post_already_shared":true,"jetpack_social_options":{"image_generator_settings":{"template":"highway","default_image_id":0,"font":"","enabled":false},"version":2}},"categories":[17],"tags":[],"class_list":["post-62395","post","type-post","status-publish","format-standard","has-post-thumbnail","hentry","category-politica-y-gobierno"],"jetpack_publicize_connections":[],"jetpack_featured_media_url":"https:\/\/formalprision.com\/wp-content\/uploads\/2018\/01\/IMG_8565-e1515646960938.jpg","jetpack_sharing_enabled":true,"jetpack_shortlink":"https:\/\/wp.me\/p6id8p-gen","_links":{"self":[{"href":"https:\/\/formalprision.com\/index.php?rest_route=\/wp\/v2\/posts\/62395","targetHints":{"allow":["GET"]}}],"collection":[{"href":"https:\/\/formalprision.com\/index.php?rest_route=\/wp\/v2\/posts"}],"about":[{"href":"https:\/\/formalprision.com\/index.php?rest_route=\/wp\/v2\/types\/post"}],"author":[{"embeddable":true,"href":"https:\/\/formalprision.com\/index.php?rest_route=\/wp\/v2\/users\/1"}],"replies":[{"embeddable":true,"href":"https:\/\/formalprision.com\/index.php?rest_route=%2Fwp%2Fv2%2Fcomments&post=62395"}],"version-history":[{"count":0,"href":"https:\/\/formalprision.com\/index.php?rest_route=\/wp\/v2\/posts\/62395\/revisions"}],"wp:featuredmedia":[{"embeddable":true,"href":"https:\/\/formalprision.com\/index.php?rest_route=\/wp\/v2\/media\/62396"}],"wp:attachment":[{"href":"https:\/\/formalprision.com\/index.php?rest_route=%2Fwp%2Fv2%2Fmedia&parent=62395"}],"wp:term":[{"taxonomy":"category","embeddable":true,"href":"https:\/\/formalprision.com\/index.php?rest_route=%2Fwp%2Fv2%2Fcategories&post=62395"},{"taxonomy":"post_tag","embeddable":true,"href":"https:\/\/formalprision.com\/index.php?rest_route=%2Fwp%2Fv2%2Ftags&post=62395"}],"curies":[{"name":"wp","href":"https:\/\/api.w.org\/{rel}","templated":true}]}}