{"id":6246,"date":"2012-11-13T04:54:00","date_gmt":"2012-11-13T04:54:00","guid":{"rendered":"http:\/\/formalprision.info\/2012\/11\/13\/mauricio-sahui-de-regreso-en-cordemex\/"},"modified":"2015-06-03T08:49:26","modified_gmt":"2015-06-03T08:49:26","slug":"mauricio-sahui-de-regreso-en-cordemex","status":"publish","type":"post","link":"https:\/\/formalprision.com\/?p=6246","title":{"rendered":"Mauricio Sahu\u00ed de regreso en Cordemex"},"content":{"rendered":"<div class=\"separator\" style=\"clear: both; text-align: center;\">\n<a href=\"http:\/\/3.bp.blogspot.com\/-4bPARClv79w\/UKHSIba9kEI\/AAAAAAAANXw\/Y8Q68dkISUg\/s1600\/aamuri.jpg\" imageanchor=\"1\" style=\"margin-left: 1em; margin-right: 1em;\"><img loading=\"lazy\" decoding=\"async\" border=\"0\" height=\"213\" rea=\"true\" src=\"http:\/\/formalprision.com\/wp-content\/uploads\/2012\/11\/aamuri.jpg\" width=\"320\" \/><\/a><\/div>\n<p>Ante vecinos de la Unidad Habitacional Cordemex, el diputado federal por III Distrito, Mauricio Sahu\u00ed Rivero, inform\u00f3 que en breve pondr\u00e1 a disposici\u00f3n de los ciudadanos una oficina de enlace para atender gestiones.<\/p>\n<p>Como parte del programa \u00abDe Regreso y de cerca\u00bb a trav\u00e9s del cual visita las colonias y comisar\u00edas de M\u00e9rida que pertenecen a su demarci\u00f3n, el coordinador de los diputados federales del PRI por Yucat\u00e1n, expuso que as\u00ed como ofreci\u00f3 durante la campa\u00f1a electoral ha retornado al encuentro con los ciudadanos.<br \/>\nRecord\u00f3 que durante la etapa de proselitismo hizo cinco compromisos fundamentales: 1.- Legislar con profesionalismo, 2.- Gestionar la mayor cantidad de recursos federales para la entidad, 3.- Regresar a su distrito despu\u00e9s de las elecciones, 4.- Establecer en el III Distrito Federal un programa de gesti\u00f3n social y 5.- Abrir un oficina de enlace en esa demarcaci\u00f3n para la atenci\u00f3n de los ciudadanos.<br \/>\nEl ex presidente del Congreso local sostuvo que el trabajo de cualquier servidor p\u00fablico siempre se retroalimentar\u00e1 en la medida en que se mantenga una cercan\u00eda con los ciudadanos que son los que viven todos los d\u00edas los problemas de \u00edndole social o econ\u00f3mico.<br \/>\nDurante la reuni\u00f3n que encabez\u00f3 en la cancha de usos m\u00faltiples de Cordemex, Sahu\u00ed Rivero explic\u00f3 a los vecinos que pertenece a la Comisi\u00f3n de Presupuesto de la C\u00e1mara de Diputados en la cual se discutir\u00e1 en las pr\u00f3ximas semanas el Presupuesto de Egresos de la Federaci\u00f3n (PEF).<br \/>\n\u00abAnalizaremos cu\u00e1nto gastar\u00e1 el gobierno federal y en qu\u00e9. La importancia que tiene \u00e9sto para los ciudadanos radica en que se definar\u00e1n las partidas presupuestales que se asignar\u00e1n a Yucat\u00e1n en 2013\u00bb abund\u00f3.<br \/>\nEl ex presidente estatal del PRI dijo que los legisladores federales del tricolor respaldar\u00e1n las gestiones del gobernador Rolando Zapata Bello en las intensas negociaciones que realizar\u00e1n las entidades federativas para obtener recursos que fortalezcan renglones importantes como la infraestructura, seguridad p\u00fablica, educaci\u00f3n, salud y el campo.<br \/>\nSostuvo que el pr\u00f3ximo presupuesto federal deber\u00e1 tener una orientaci\u00f3n de \u00edndole social para retomar tareas como el combate a la pobreza, situaci\u00f3n que no se dio durante el gobierno de Felipe Calder\u00f3n Hinojosa que implement\u00f3 programas que eran condicionados a los beneficiarios como sucedi\u00f3 con los de la Secretar\u00eda de Desarrollo Social (Sedesol). (Comunicado de prensa)<\/p>\n","protected":false},"excerpt":{"rendered":"<p>Ante vecinos de la Unidad Habitacional Cordemex, el diputado federal por III Distrito, Mauricio Sahu\u00ed Rivero, inform\u00f3 que en breve pondr\u00e1 a disposici\u00f3n de los ciudadanos una oficina de enlace<\/p>\n","protected":false},"author":1,"featured_media":22594,"comment_status":"open","ping_status":"open","sticky":false,"template":"","format":"standard","meta":{"jetpack_post_was_ever_published":false,"_jetpack_newsletter_access":"","_jetpack_dont_email_post_to_subs":false,"_jetpack_newsletter_tier_id":0,"_jetpack_memberships_contains_paywalled_content":false,"_jetpack_memberships_contains_paid_content":false,"footnotes":"","jetpack_publicize_message":"","jetpack_publicize_feature_enabled":true,"jetpack_social_post_already_shared":false,"jetpack_social_options":{"image_generator_settings":{"template":"highway","default_image_id":0,"font":"","enabled":false},"version":2}},"categories":[19,1],"tags":[],"class_list":["post-6246","post","type-post","status-publish","format-standard","has-post-thumbnail","hentry","category-de-la-grilla","category-sin-categoria"],"jetpack_publicize_connections":[],"jetpack_featured_media_url":"https:\/\/formalprision.com\/wp-content\/uploads\/2012\/11\/aamuri.jpg","jetpack_sharing_enabled":true,"jetpack_shortlink":"https:\/\/wp.me\/p6id8p-1CK","_links":{"self":[{"href":"https:\/\/formalprision.com\/index.php?rest_route=\/wp\/v2\/posts\/6246","targetHints":{"allow":["GET"]}}],"collection":[{"href":"https:\/\/formalprision.com\/index.php?rest_route=\/wp\/v2\/posts"}],"about":[{"href":"https:\/\/formalprision.com\/index.php?rest_route=\/wp\/v2\/types\/post"}],"author":[{"embeddable":true,"href":"https:\/\/formalprision.com\/index.php?rest_route=\/wp\/v2\/users\/1"}],"replies":[{"embeddable":true,"href":"https:\/\/formalprision.com\/index.php?rest_route=%2Fwp%2Fv2%2Fcomments&post=6246"}],"version-history":[{"count":0,"href":"https:\/\/formalprision.com\/index.php?rest_route=\/wp\/v2\/posts\/6246\/revisions"}],"wp:featuredmedia":[{"embeddable":true,"href":"https:\/\/formalprision.com\/index.php?rest_route=\/wp\/v2\/media\/22594"}],"wp:attachment":[{"href":"https:\/\/formalprision.com\/index.php?rest_route=%2Fwp%2Fv2%2Fmedia&parent=6246"}],"wp:term":[{"taxonomy":"category","embeddable":true,"href":"https:\/\/formalprision.com\/index.php?rest_route=%2Fwp%2Fv2%2Fcategories&post=6246"},{"taxonomy":"post_tag","embeddable":true,"href":"https:\/\/formalprision.com\/index.php?rest_route=%2Fwp%2Fv2%2Ftags&post=6246"}],"curies":[{"name":"wp","href":"https:\/\/api.w.org\/{rel}","templated":true}]}}