{"id":6254,"date":"2012-11-10T03:05:00","date_gmt":"2012-11-10T03:05:00","guid":{"rendered":"http:\/\/formalprision.info\/2012\/11\/10\/lo-matan-en-el-periferico-y-la-fiscalia\/"},"modified":"2015-06-03T08:49:30","modified_gmt":"2015-06-03T08:49:30","slug":"lo-matan-en-el-periferico-y-la-fiscalia","status":"publish","type":"post","link":"https:\/\/formalprision.com\/?p=6254","title":{"rendered":"Lo matan en el Perif\u00e9rico y la Fiscal\u00eda deja tirado el cuerpo varias horas"},"content":{"rendered":"<div class=\"separator\" style=\"clear: both; text-align: center;\">\n<a href=\"http:\/\/3.bp.blogspot.com\/-SRJ9MEb9rP8\/UJ3DeDLhzVI\/AAAAAAAANNs\/noYUSSGLXK8\/s1600\/aaelmotiod.JPG\" imageanchor=\"1\" style=\"margin-left: 1em; margin-right: 1em;\"><img loading=\"lazy\" decoding=\"async\" border=\"0\" height=\"227\" rea=\"true\" src=\"http:\/\/formalprision.com\/wp-content\/uploads\/2012\/11\/aaelmotiod.jpg\" width=\"320\" \/><\/a><\/div>\n<p>La inoportuna atenci\u00f3n de la Fiscal\u00eda del Estado al reporte de un accidente mortal en el Perif\u00e9rico, motiv\u00f3 que el cuerpo del fallecido permaneciera m\u00e1s de tres horas tirado en el sitio donde encontr\u00f3 la muerte<\/p>\n<p>La tardanza del personal de la Fiscal\u00eda para las diligencias de ley tambi\u00e9n ocasionaron serios problemas viales en esa transitada v\u00eda.<br \/>\nEn el percance falleci\u00f3 Josu\u00e9 Adri\u00e1n Manzano Herrera, de 29 a\u00f1os, quien fue arrollado por un veh\u00edculo cuando cruzaba el Perif\u00e9rico en su triciclo.<br \/>\nEl fue atropellado en el kil\u00f3metro 18 de esa v\u00eda, en la colonia Melchor Ocampo, cuando lo impact\u00f3 la camioneta Jeep con placas YAZ-9061 del estado de Veracruz conducido por Bivian Bremon Espinoza.<br \/>\nAl lugar llegaron unidades de la Secretar\u00eda de Seguridad P\u00fablica que cerr\u00f3 dos carriles de circulaci\u00f3n de esa arteria para los tr\u00e1mites correspondientes.<br \/>\nEl accidente ocurri\u00f3 a las 15:30 horas y de inmediato se present\u00f3 al sitio una patrulla de la SSP.<br \/>\nAl constatar que el infortunado hombre estaba muerto, el agente notific\u00f3 a su central de Radio para de ah\u00ed se solicitara la presencia del personal del Semefo y Ministerio P\u00fablico, ambos de la Fiscal\u00eda.<\/p>\n<p>Sin embargo, los minutos transcurrieron y no lleg\u00f3 el personal de la Fiscal\u00eda, lo que caus\u00f3 indignaci\u00f3n de la gente que se aproxim\u00f3 al sitio, pues en el lugar estaba presente la viuda y otros familiares del occiso.<\/p>\n<p>Finalmente, luego d casi dos horas despu\u00e9s, llegaron los agentes ministeriales para las diligencias de ley, pero trabajaron bastante tiempo en el lugar, por lo que el cuerpo fue levantado casi a las 18:45 horas.<\/p>\n<p>La tardanza del Semefo y del Ministerio P\u00fablico para atender los reportes de fallecidos fueron un problema com\u00fan hace varios a\u00f1os, aunque ya se hab\u00eda logrado controlar esa situaci\u00f3n\u2026hasta ahora.<\/p>\n","protected":false},"excerpt":{"rendered":"<p>La inoportuna atenci\u00f3n de la Fiscal\u00eda del Estado al reporte de un accidente mortal en el Perif\u00e9rico, motiv\u00f3 que el cuerpo del fallecido permaneciera m\u00e1s de tres horas tirado en<\/p>\n","protected":false},"author":1,"featured_media":22611,"comment_status":"open","ping_status":"open","sticky":false,"template":"","format":"standard","meta":{"jetpack_post_was_ever_published":false,"_jetpack_newsletter_access":"","_jetpack_dont_email_post_to_subs":false,"_jetpack_newsletter_tier_id":0,"_jetpack_memberships_contains_paywalled_content":false,"_jetpack_memberships_contains_paid_content":false,"footnotes":"","jetpack_publicize_message":"","jetpack_publicize_feature_enabled":true,"jetpack_social_post_already_shared":false,"jetpack_social_options":{"image_generator_settings":{"template":"highway","default_image_id":0,"font":"","enabled":false},"version":2}},"categories":[3,1,54],"tags":[],"class_list":["post-6254","post","type-post","status-publish","format-standard","has-post-thumbnail","hentry","category-portada","category-sin-categoria","category-yucatan"],"jetpack_publicize_connections":[],"jetpack_featured_media_url":"https:\/\/formalprision.com\/wp-content\/uploads\/2012\/11\/aaelmotiod.jpg","jetpack_sharing_enabled":true,"jetpack_shortlink":"https:\/\/wp.me\/p6id8p-1CS","_links":{"self":[{"href":"https:\/\/formalprision.com\/index.php?rest_route=\/wp\/v2\/posts\/6254","targetHints":{"allow":["GET"]}}],"collection":[{"href":"https:\/\/formalprision.com\/index.php?rest_route=\/wp\/v2\/posts"}],"about":[{"href":"https:\/\/formalprision.com\/index.php?rest_route=\/wp\/v2\/types\/post"}],"author":[{"embeddable":true,"href":"https:\/\/formalprision.com\/index.php?rest_route=\/wp\/v2\/users\/1"}],"replies":[{"embeddable":true,"href":"https:\/\/formalprision.com\/index.php?rest_route=%2Fwp%2Fv2%2Fcomments&post=6254"}],"version-history":[{"count":0,"href":"https:\/\/formalprision.com\/index.php?rest_route=\/wp\/v2\/posts\/6254\/revisions"}],"wp:featuredmedia":[{"embeddable":true,"href":"https:\/\/formalprision.com\/index.php?rest_route=\/wp\/v2\/media\/22611"}],"wp:attachment":[{"href":"https:\/\/formalprision.com\/index.php?rest_route=%2Fwp%2Fv2%2Fmedia&parent=6254"}],"wp:term":[{"taxonomy":"category","embeddable":true,"href":"https:\/\/formalprision.com\/index.php?rest_route=%2Fwp%2Fv2%2Fcategories&post=6254"},{"taxonomy":"post_tag","embeddable":true,"href":"https:\/\/formalprision.com\/index.php?rest_route=%2Fwp%2Fv2%2Ftags&post=6254"}],"curies":[{"name":"wp","href":"https:\/\/api.w.org\/{rel}","templated":true}]}}