{"id":6257,"date":"2012-11-09T00:45:00","date_gmt":"2012-11-09T00:45:00","guid":{"rendered":"http:\/\/formalprision.info\/2012\/11\/09\/sepultan-con-honores-policia-fallecido\/"},"modified":"2015-06-03T08:49:30","modified_gmt":"2015-06-03T08:49:30","slug":"sepultan-con-honores-policia-fallecido","status":"publish","type":"post","link":"https:\/\/formalprision.com\/?p=6257","title":{"rendered":"Sepultan con honores a polic\u00eda fallecido en accidente"},"content":{"rendered":"<div class=\"separator\" style=\"clear: both; text-align: center;\">\n<a href=\"http:\/\/2.bp.blogspot.com\/-SFjUHRn8RWE\/UJxRbv0URDI\/AAAAAAAANLE\/-YMVPd1zHhg\/s1600\/aahonores.JPG\" imageanchor=\"1\" style=\"margin-left: 1em; margin-right: 1em;\"><img loading=\"lazy\" decoding=\"async\" border=\"0\" height=\"189\" rea=\"true\" src=\"http:\/\/formalprision.com\/wp-content\/uploads\/2012\/11\/aahonores.jpg\" width=\"320\" \/><\/a><\/div>\n<p>Esta tarde en el Mausoleo del Polic\u00eda del Cementerio Xocl\u00e1n fue sepultado con honores el Primer Inspector Jos\u00e9 Antonio Koh Ch\u00e1vez, fallecido ayer en el ejercicio de sus funciones, en un accidente de tr\u00e1nsito ocurrido ayer en el Perif\u00e9rico.<\/p>\n<p>El secretario de Seguridad P\u00fablica, Cmdte. Luis Felipe Said\u00e9n Ojeda, encabez\u00f3 la ceremonia luctuosa, en compa\u00f1\u00eda de subsecretarios, directores, jefes y elementos de la Corporaci\u00f3n.<br \/>\nKoh Ch\u00e1vez ten\u00eda 35 a\u00f1os de edad y cuatro a\u00f1os dos meses de servicio. <br \/>\nLe sobreviven su esposa; sus hijos de 16, 15, 10 y 9 a\u00f1os de edad; su madre, sus hermanos y dem\u00e1s familiares, presentes en la ceremonia.<br \/>\nLos mandos policiacos hicieron una guardia de honor ante el f\u00e9retro; se realiz\u00f3 el tradicional pase de lista, fusiler\u00eda de salva, toque de silencio y ulular de sirenas para despedir al compa\u00f1ero ca\u00eddo en el cumplimiento de su deber.<\/p>\n","protected":false},"excerpt":{"rendered":"<p>Esta tarde en el Mausoleo del Polic\u00eda del Cementerio Xocl\u00e1n fue sepultado con honores el Primer Inspector Jos\u00e9 Antonio Koh Ch\u00e1vez, fallecido ayer en el ejercicio de sus funciones, en<\/p>\n","protected":false},"author":1,"featured_media":22617,"comment_status":"open","ping_status":"open","sticky":false,"template":"","format":"standard","meta":{"jetpack_post_was_ever_published":false,"_jetpack_newsletter_access":"","_jetpack_dont_email_post_to_subs":false,"_jetpack_newsletter_tier_id":0,"_jetpack_memberships_contains_paywalled_content":false,"_jetpack_memberships_contains_paid_content":false,"footnotes":"","jetpack_publicize_message":"","jetpack_publicize_feature_enabled":true,"jetpack_social_post_already_shared":false,"jetpack_social_options":{"image_generator_settings":{"template":"highway","default_image_id":0,"font":"","enabled":false},"version":2}},"categories":[44,1],"tags":[],"class_list":["post-6257","post","type-post","status-publish","format-standard","has-post-thumbnail","hentry","category-morgue","category-sin-categoria"],"jetpack_publicize_connections":[],"jetpack_featured_media_url":"https:\/\/formalprision.com\/wp-content\/uploads\/2012\/11\/aahonores.jpg","jetpack_sharing_enabled":true,"jetpack_shortlink":"https:\/\/wp.me\/p6id8p-1CV","_links":{"self":[{"href":"https:\/\/formalprision.com\/index.php?rest_route=\/wp\/v2\/posts\/6257","targetHints":{"allow":["GET"]}}],"collection":[{"href":"https:\/\/formalprision.com\/index.php?rest_route=\/wp\/v2\/posts"}],"about":[{"href":"https:\/\/formalprision.com\/index.php?rest_route=\/wp\/v2\/types\/post"}],"author":[{"embeddable":true,"href":"https:\/\/formalprision.com\/index.php?rest_route=\/wp\/v2\/users\/1"}],"replies":[{"embeddable":true,"href":"https:\/\/formalprision.com\/index.php?rest_route=%2Fwp%2Fv2%2Fcomments&post=6257"}],"version-history":[{"count":0,"href":"https:\/\/formalprision.com\/index.php?rest_route=\/wp\/v2\/posts\/6257\/revisions"}],"wp:featuredmedia":[{"embeddable":true,"href":"https:\/\/formalprision.com\/index.php?rest_route=\/wp\/v2\/media\/22617"}],"wp:attachment":[{"href":"https:\/\/formalprision.com\/index.php?rest_route=%2Fwp%2Fv2%2Fmedia&parent=6257"}],"wp:term":[{"taxonomy":"category","embeddable":true,"href":"https:\/\/formalprision.com\/index.php?rest_route=%2Fwp%2Fv2%2Fcategories&post=6257"},{"taxonomy":"post_tag","embeddable":true,"href":"https:\/\/formalprision.com\/index.php?rest_route=%2Fwp%2Fv2%2Ftags&post=6257"}],"curies":[{"name":"wp","href":"https:\/\/api.w.org\/{rel}","templated":true}]}}