{"id":6258,"date":"2012-11-09T00:30:00","date_gmt":"2012-11-09T00:30:00","guid":{"rendered":"http:\/\/formalprision.info\/2012\/11\/09\/fantasioso-relato-del-acusado-de\/"},"modified":"2015-06-03T08:49:30","modified_gmt":"2015-06-03T08:49:30","slug":"fantasioso-relato-del-acusado-de","status":"publish","type":"post","link":"https:\/\/formalprision.com\/?p=6258","title":{"rendered":"Fantasioso relato del acusado de secuestrar a una ni\u00f1a de 5 a\u00f1os"},"content":{"rendered":"<div class=\"separator\" style=\"clear: both; text-align: center;\">\n<a href=\"http:\/\/2.bp.blogspot.com\/-KW6ZVEV-GdY\/UJxNRdU-MqI\/AAAAAAAANKE\/pq1s86rAbYQ\/s1600\/secues.JPG\" imageanchor=\"1\" style=\"margin-left: 1em; margin-right: 1em;\"><img loading=\"lazy\" decoding=\"async\" border=\"0\" height=\"240\" rea=\"true\" src=\"http:\/\/formalprision.com\/wp-content\/uploads\/2012\/11\/secues.jpg\" width=\"320\" \/><\/a><\/div>\n<p>El presunto secuestrador Edwin de Jes\u00fas Keb Cauich rindi\u00f3 este d\u00eda su declaraci\u00f3n preparatoria y neg\u00f3 haber pedido rescate por la menor a la que sac\u00f3 de una escuela.<\/p>\n<p>Con varias pruebas en su contra, Keb Cauich fue consignado al Juzgado S\u00e9ptimo Penal, acusado de privaci\u00f3n ilegal de la libertad, en agravio de la peque\u00f1a Josel\u00edn G\u00edo Vargas, denunciado por Elizabeth Vargas Gonz\u00e1lez.<br \/>\nLa ni\u00f1a, como informamos, fue sustra\u00edda de la primaria \u201cErmilo Abreu G\u00f3mez\u201d, de la colonia D\u00edaz Ordaz.<br \/>\nLuego, el sujeto pidi\u00f3 rescate e $10,.000 por la menor, a quien escondi\u00f3 con una pariente suya , pero fue detenido por agentes de la SSP.<br \/>\nEl motivo del secuestro fue para obtener dinero para pagar una deuda de $23,000 con Banco Azteca, que le propuso rebajar el monto a $9000 si pagaba pronto<br \/>\nEntonces, ide\u00f3 el secuestro de la hija de su jefe, compr\u00f3 un celular barato para pedir el rescate sin ser identificado.<br \/>\nA su hermanastra Mar\u00eda Elizabeth Puc Ku le pidi\u00f3 que cuidara a la ni\u00f1a a cambio de pagarle 500 pesos, aunque no le dijo que la hab\u00eda secuestrado.<br \/>\nPese a todo, al declarar hoy, el sujeto no reconoci\u00f3 nada de lo que hizo y dijo que su jefe le pidi\u00f3 que fuera a la escuela por la ni\u00f1a, pero no se la quisieron entregar, por lo que le pidi\u00f3 a su actual pareja que hablara a la directora y se hiciera pasar por la abuela de la menor.<br \/>\nDijo que hizo esto porque no localiz\u00f3 a la madre de la ni\u00f1a para que se comunicara a la escuela.<br \/>\nSe\u00f1al\u00f3 que en otras ocasiones a la ni\u00f1a se le lleva a casa de \u201cDo\u00f1a Conchi\u201d, donde la cuidan un rato.<br \/>\nSin embargo, ahora no la llev\u00f3 ah\u00ed porque estaba m\u00e1s cerca la casa de su hermanastra.<\/p>\n<p>Insisti\u00f3 en que no la secuestr\u00f3 y que solo cumpli\u00f3 \u00f3rdenes.<\/p>\n<p>La situaci\u00f3n est\u00e1 dif\u00edcil para el sujeto porque hay testimonios y muchas pruebas en su contra.<\/p>\n","protected":false},"excerpt":{"rendered":"<p>El presunto secuestrador Edwin de Jes\u00fas Keb Cauich rindi\u00f3 este d\u00eda su declaraci\u00f3n preparatoria y neg\u00f3 haber pedido rescate por la menor a la que sac\u00f3 de una escuela. Con<\/p>\n","protected":false},"author":1,"featured_media":22619,"comment_status":"open","ping_status":"open","sticky":false,"template":"","format":"standard","meta":{"jetpack_post_was_ever_published":false,"_jetpack_newsletter_access":"","_jetpack_dont_email_post_to_subs":false,"_jetpack_newsletter_tier_id":0,"_jetpack_memberships_contains_paywalled_content":false,"_jetpack_memberships_contains_paid_content":false,"footnotes":"","jetpack_publicize_message":"","jetpack_publicize_feature_enabled":true,"jetpack_social_post_already_shared":false,"jetpack_social_options":{"image_generator_settings":{"template":"highway","default_image_id":0,"font":"","enabled":false},"version":2}},"categories":[45,3,1],"tags":[],"class_list":["post-6258","post","type-post","status-publish","format-standard","has-post-thumbnail","hentry","category-delincuentes-vip","category-portada","category-sin-categoria"],"jetpack_publicize_connections":[],"jetpack_featured_media_url":"https:\/\/formalprision.com\/wp-content\/uploads\/2012\/11\/secues.jpg","jetpack_sharing_enabled":true,"jetpack_shortlink":"https:\/\/wp.me\/p6id8p-1CW","_links":{"self":[{"href":"https:\/\/formalprision.com\/index.php?rest_route=\/wp\/v2\/posts\/6258","targetHints":{"allow":["GET"]}}],"collection":[{"href":"https:\/\/formalprision.com\/index.php?rest_route=\/wp\/v2\/posts"}],"about":[{"href":"https:\/\/formalprision.com\/index.php?rest_route=\/wp\/v2\/types\/post"}],"author":[{"embeddable":true,"href":"https:\/\/formalprision.com\/index.php?rest_route=\/wp\/v2\/users\/1"}],"replies":[{"embeddable":true,"href":"https:\/\/formalprision.com\/index.php?rest_route=%2Fwp%2Fv2%2Fcomments&post=6258"}],"version-history":[{"count":0,"href":"https:\/\/formalprision.com\/index.php?rest_route=\/wp\/v2\/posts\/6258\/revisions"}],"wp:featuredmedia":[{"embeddable":true,"href":"https:\/\/formalprision.com\/index.php?rest_route=\/wp\/v2\/media\/22619"}],"wp:attachment":[{"href":"https:\/\/formalprision.com\/index.php?rest_route=%2Fwp%2Fv2%2Fmedia&parent=6258"}],"wp:term":[{"taxonomy":"category","embeddable":true,"href":"https:\/\/formalprision.com\/index.php?rest_route=%2Fwp%2Fv2%2Fcategories&post=6258"},{"taxonomy":"post_tag","embeddable":true,"href":"https:\/\/formalprision.com\/index.php?rest_route=%2Fwp%2Fv2%2Ftags&post=6258"}],"curies":[{"name":"wp","href":"https:\/\/api.w.org\/{rel}","templated":true}]}}