{"id":6305,"date":"2012-10-29T20:13:00","date_gmt":"2012-10-29T20:13:00","guid":{"rendered":"http:\/\/formalprision.info\/2012\/10\/29\/lo-detienen-por-amenazar-con-su-pistola\/"},"modified":"2015-06-03T08:49:38","modified_gmt":"2015-06-03T08:49:38","slug":"lo-detienen-por-amenazar-con-su-pistola","status":"publish","type":"post","link":"https:\/\/formalprision.com\/?p=6305","title":{"rendered":"Lo detienen por amenazar con su pistola a un adolescente"},"content":{"rendered":"<div class=\"separator\" style=\"clear: both; text-align: center;\">\n<a href=\"http:\/\/1.bp.blogspot.com\/-UYw9LHk4DJI\/UI7g0trR0sI\/AAAAAAAAMgk\/ZGj4xBYqGpY\/s1600\/JULIO+ALBERTO+ALAMILLA+MONTEJO+.jpg\" imageanchor=\"1\" style=\"margin-left: 1em; margin-right: 1em;\"><img loading=\"lazy\" decoding=\"async\" border=\"0\" height=\"263\" qea=\"true\" src=\"http:\/\/formalprision.com\/wp-content\/uploads\/2012\/10\/JULIO-ALBERTO-ALAMILLA-MONTEJO-.jpg\" width=\"320\" \/><\/a><\/div>\n<p>Agentes de la Polic\u00eda Municipal de Progreso detuvieron a Julio Alberto Alamilla Montejo, de 25 a\u00f1os, luego de que amenaz\u00f3 con una pistola a un menor de edad.<\/p>\n<p>Los hechos ocurrieron en la calle 50-A x 39 y 41 de la col. Revoluci\u00f3n, en Progreso, donde C. A. G. V. de 17 a\u00f1os, dijo que el sujeto le peg\u00f3 y lo amenaz\u00f3 con un arma de fuego.<br \/>\nAl ver a los polic\u00edas, el infractor huy\u00f3 y comenz\u00f3 a saltar por los patios de varias casa, pero fue detenido cuando se escond\u00eda en un terreno bald\u00edo.<br \/>\nArroj\u00f3 el arma, epro fue localizada y result\u00f3 ser una pistola Colt Defender, , calibre 5.5 mm,<br \/>\nEl detenido fue remitido al Ministerio P\u00fablico.<\/p>\n","protected":false},"excerpt":{"rendered":"<p>Agentes de la Polic\u00eda Municipal de Progreso detuvieron a Julio Alberto Alamilla Montejo, de 25 a\u00f1os, luego de que amenaz\u00f3 con una pistola a un menor de edad. Los hechos<\/p>\n","protected":false},"author":1,"featured_media":22714,"comment_status":"open","ping_status":"open","sticky":false,"template":"","format":"standard","meta":{"jetpack_post_was_ever_published":false,"_jetpack_newsletter_access":"","_jetpack_dont_email_post_to_subs":false,"_jetpack_newsletter_tier_id":0,"_jetpack_memberships_contains_paywalled_content":false,"_jetpack_memberships_contains_paid_content":false,"footnotes":"","jetpack_publicize_message":"","jetpack_publicize_feature_enabled":true,"jetpack_social_post_already_shared":false,"jetpack_social_options":{"image_generator_settings":{"template":"highway","default_image_id":0,"font":"","enabled":false},"version":2}},"categories":[3,1],"tags":[],"class_list":["post-6305","post","type-post","status-publish","format-standard","has-post-thumbnail","hentry","category-portada","category-sin-categoria"],"jetpack_publicize_connections":[],"jetpack_featured_media_url":"https:\/\/formalprision.com\/wp-content\/uploads\/2012\/10\/JULIO-ALBERTO-ALAMILLA-MONTEJO-.jpg","jetpack_sharing_enabled":true,"jetpack_shortlink":"https:\/\/wp.me\/p6id8p-1DH","_links":{"self":[{"href":"https:\/\/formalprision.com\/index.php?rest_route=\/wp\/v2\/posts\/6305","targetHints":{"allow":["GET"]}}],"collection":[{"href":"https:\/\/formalprision.com\/index.php?rest_route=\/wp\/v2\/posts"}],"about":[{"href":"https:\/\/formalprision.com\/index.php?rest_route=\/wp\/v2\/types\/post"}],"author":[{"embeddable":true,"href":"https:\/\/formalprision.com\/index.php?rest_route=\/wp\/v2\/users\/1"}],"replies":[{"embeddable":true,"href":"https:\/\/formalprision.com\/index.php?rest_route=%2Fwp%2Fv2%2Fcomments&post=6305"}],"version-history":[{"count":0,"href":"https:\/\/formalprision.com\/index.php?rest_route=\/wp\/v2\/posts\/6305\/revisions"}],"wp:featuredmedia":[{"embeddable":true,"href":"https:\/\/formalprision.com\/index.php?rest_route=\/wp\/v2\/media\/22714"}],"wp:attachment":[{"href":"https:\/\/formalprision.com\/index.php?rest_route=%2Fwp%2Fv2%2Fmedia&parent=6305"}],"wp:term":[{"taxonomy":"category","embeddable":true,"href":"https:\/\/formalprision.com\/index.php?rest_route=%2Fwp%2Fv2%2Fcategories&post=6305"},{"taxonomy":"post_tag","embeddable":true,"href":"https:\/\/formalprision.com\/index.php?rest_route=%2Fwp%2Fv2%2Ftags&post=6305"}],"curies":[{"name":"wp","href":"https:\/\/api.w.org\/{rel}","templated":true}]}}