{"id":6317,"date":"2012-10-25T19:26:00","date_gmt":"2012-10-25T19:26:00","guid":{"rendered":"http:\/\/formalprision.info\/2012\/10\/25\/empleado-desleal-roba-mas-de-200000-en\/"},"modified":"2015-06-03T08:49:39","modified_gmt":"2015-06-03T08:49:39","slug":"empleado-desleal-roba-mas-de-200000-en","status":"publish","type":"post","link":"https:\/\/formalprision.com\/?p=6317","title":{"rendered":"Empleado desleal roba m\u00e1s de $200,000 en su trabajo"},"content":{"rendered":"<div class=\"separator\" style=\"clear: both; text-align: center;\">\n<a href=\"http:\/\/3.bp.blogspot.com\/-iQwWPmBoi1o\/UImSIk0xwyI\/AAAAAAAAMZQ\/HP4rEM_NNlA\/s1600\/190-12+Jo...jpg\" imageanchor=\"1\" style=\"margin-left: 1em; margin-right: 1em;\"><img loading=\"lazy\" decoding=\"async\" border=\"0\" height=\"320\" oea=\"true\" src=\"http:\/\/formalprision.com\/wp-content\/uploads\/2012\/10\/190-12-Jo...jpg\" width=\"214\" \/><\/a><\/div>\n<p>Agentes de la Polic\u00eda Ministerial detuvieron a Jos\u00e9 Antonio Uc Cutz, de 27 a\u00f1os de edad, acusado de robar m\u00e1s de 200,000 pesos en productos en la empresa para la que trabajaba.<\/p>\n<p>Fue denunciado por Carlos Manuel S\u00e1nchez Fonz, apoderado legal de la sociedad mercantil \u201cArt\u00edculos El\u00e9ctricos S.A. de C.V\u201d.<br \/>\nDe acuerdo con la denuncia, interpuesta en octubre del 2011, la empresa afectada se dedica a la comercializaci\u00f3n, de art\u00edculos electr\u00f3nicos (cables, focos, apagadores, contactos, etc.) y el acusado laboraba como encargado del almac\u00e9n; cargo que aprovech\u00f3 para sustraer mercanc\u00eda del lugar.<br \/>\nA finales de septiembre del 2011 le propuso al encargado de la sucursal \u201cAmesa Norte\u201d, localizada en la colonia Jes\u00fas Carranza, que le recibiera unas cajas de cable \u201cCondumex\u201d para venderlo por fuera de la empresa y dividirse las ganancias, asegur\u00e1ndole que no deb\u00eda preocuparse porque \u00e9l ya lo hab\u00eda hecho en otras ocasiones y nadie se dar\u00eda cuenta del faltante.<br \/>\nPese a que el empleado se neg\u00f3 a realizar dicha operaci\u00f3n, Uc Cutz envi\u00f3 el cable a la sucursal, pero en una supervisi\u00f3n de rutina se percataron del producto, el cual no deb\u00eda estar en el lugar, ya que ese cable s\u00f3lo se vend\u00eda con base a pedido, fue entonces cuando los malos manejos del inculpado se descubrieron y se practic\u00f3 un inventario f\u00edsico, en el que se detect\u00f3 el faltante de diversos cables con un valor total de 227 mil 143 pesos. <\/p>\n","protected":false},"excerpt":{"rendered":"<p>Agentes de la Polic\u00eda Ministerial detuvieron a Jos\u00e9 Antonio Uc Cutz, de 27 a\u00f1os de edad, acusado de robar m\u00e1s de 200,000 pesos en productos en la empresa para la<\/p>\n","protected":false},"author":1,"featured_media":22738,"comment_status":"open","ping_status":"open","sticky":false,"template":"","format":"standard","meta":{"jetpack_post_was_ever_published":false,"_jetpack_newsletter_access":"","_jetpack_dont_email_post_to_subs":false,"_jetpack_newsletter_tier_id":0,"_jetpack_memberships_contains_paywalled_content":false,"_jetpack_memberships_contains_paid_content":false,"footnotes":"","jetpack_publicize_message":"","jetpack_publicize_feature_enabled":true,"jetpack_social_post_already_shared":false,"jetpack_social_options":{"image_generator_settings":{"template":"highway","default_image_id":0,"font":"","enabled":false},"version":2}},"categories":[3,1,54],"tags":[],"class_list":["post-6317","post","type-post","status-publish","format-standard","has-post-thumbnail","hentry","category-portada","category-sin-categoria","category-yucatan"],"jetpack_publicize_connections":[],"jetpack_featured_media_url":"https:\/\/formalprision.com\/wp-content\/uploads\/2012\/10\/190-12-Jo...jpg","jetpack_sharing_enabled":true,"jetpack_shortlink":"https:\/\/wp.me\/p6id8p-1DT","_links":{"self":[{"href":"https:\/\/formalprision.com\/index.php?rest_route=\/wp\/v2\/posts\/6317","targetHints":{"allow":["GET"]}}],"collection":[{"href":"https:\/\/formalprision.com\/index.php?rest_route=\/wp\/v2\/posts"}],"about":[{"href":"https:\/\/formalprision.com\/index.php?rest_route=\/wp\/v2\/types\/post"}],"author":[{"embeddable":true,"href":"https:\/\/formalprision.com\/index.php?rest_route=\/wp\/v2\/users\/1"}],"replies":[{"embeddable":true,"href":"https:\/\/formalprision.com\/index.php?rest_route=%2Fwp%2Fv2%2Fcomments&post=6317"}],"version-history":[{"count":0,"href":"https:\/\/formalprision.com\/index.php?rest_route=\/wp\/v2\/posts\/6317\/revisions"}],"wp:featuredmedia":[{"embeddable":true,"href":"https:\/\/formalprision.com\/index.php?rest_route=\/wp\/v2\/media\/22738"}],"wp:attachment":[{"href":"https:\/\/formalprision.com\/index.php?rest_route=%2Fwp%2Fv2%2Fmedia&parent=6317"}],"wp:term":[{"taxonomy":"category","embeddable":true,"href":"https:\/\/formalprision.com\/index.php?rest_route=%2Fwp%2Fv2%2Fcategories&post=6317"},{"taxonomy":"post_tag","embeddable":true,"href":"https:\/\/formalprision.com\/index.php?rest_route=%2Fwp%2Fv2%2Ftags&post=6317"}],"curies":[{"name":"wp","href":"https:\/\/api.w.org\/{rel}","templated":true}]}}