{"id":6320,"date":"2012-10-25T00:00:00","date_gmt":"2012-10-25T00:00:00","guid":{"rendered":"http:\/\/formalprision.info\/2012\/10\/25\/camionero-mata-un-ciclista-y-despues-se\/"},"modified":"2015-06-03T08:49:40","modified_gmt":"2015-06-03T08:49:40","slug":"camionero-mata-un-ciclista-y-despues-se","status":"publish","type":"post","link":"https:\/\/formalprision.com\/?p=6320","title":{"rendered":"Camionero mata a un ciclista y despu\u00e9s se da a la fuga:"},"content":{"rendered":"<div class=\"separator\" style=\"clear: both; text-align: center;\">\n<a href=\"http:\/\/2.bp.blogspot.com\/-Usf36Q3t35E\/UIh6trHeyCI\/AAAAAAAAMWg\/BVhTI5YNNZc\/s1600\/aaamuertito.jpg\" imageanchor=\"1\" style=\"margin-left: 1em; margin-right: 1em;\"><img loading=\"lazy\" decoding=\"async\" border=\"0\" height=\"240\" oea=\"true\" src=\"http:\/\/formalprision.com\/wp-content\/uploads\/2012\/10\/aaamuertito.jpg\" width=\"320\" \/><\/a><\/div>\n<p>Esta madrugada, el Ministerio P\u00fablico tom\u00f3 conocimiento de la muerte del ciclista Vidal Huchim, de 78 a\u00f1os de edad, quien fue atropellado en la carretera antigua a Izamal.<\/p>\n<p>El era vecino de Bokob\u00e1 y fue arrollado por un autob\u00fas de la empresa Autocentro, cuyo conductor se orill\u00f3 mucho y luego huy\u00f3.<br \/>\nDe acuerdo con los datos recabados, el percance ocurri\u00f3 a las cinco de la madrugada, en el tramo Bokob\u00e1-Tekant\u00f3, en la antigua carretera a Izamal.<br \/>\nEn ese lugar, el autob\u00fas placas 801-134Y, conducido por una persona no identificada que se retiraba de Bokob\u00e1, perdi\u00f3 el control del volante y se orill\u00f3 mucho, golpeando al ciclista.<br \/>\nSeg\u00fan los testigos, el ciclista sali\u00f3 volando varios metros y cay\u00f3 de cabeza sobre el pavimento, lo que le caus\u00f3 la muerte.<br \/>\nEl chofer responsable se baj\u00f3 presuntamente a auxiliar al ciclista, pero en realidad huy\u00f3 del sitio, dejando abandonado el veh\u00edculo y al pasaje.<\/p>\n","protected":false},"excerpt":{"rendered":"<p>Esta madrugada, el Ministerio P\u00fablico tom\u00f3 conocimiento de la muerte del ciclista Vidal Huchim, de 78 a\u00f1os de edad, quien fue atropellado en la carretera antigua a Izamal. El era<\/p>\n","protected":false},"author":1,"featured_media":22744,"comment_status":"open","ping_status":"open","sticky":false,"template":"","format":"standard","meta":{"jetpack_post_was_ever_published":false,"_jetpack_newsletter_access":"","_jetpack_dont_email_post_to_subs":false,"_jetpack_newsletter_tier_id":0,"_jetpack_memberships_contains_paywalled_content":false,"_jetpack_memberships_contains_paid_content":false,"footnotes":"","jetpack_publicize_message":"","jetpack_publicize_feature_enabled":true,"jetpack_social_post_already_shared":false,"jetpack_social_options":{"image_generator_settings":{"template":"highway","default_image_id":0,"font":"","enabled":false},"version":2}},"categories":[44,26,1],"tags":[],"class_list":["post-6320","post","type-post","status-publish","format-standard","has-post-thumbnail","hentry","category-morgue","category-noti-pueblitos","category-sin-categoria"],"jetpack_publicize_connections":[],"jetpack_featured_media_url":"https:\/\/formalprision.com\/wp-content\/uploads\/2012\/10\/aaamuertito.jpg","jetpack_sharing_enabled":true,"jetpack_shortlink":"https:\/\/wp.me\/p6id8p-1DW","_links":{"self":[{"href":"https:\/\/formalprision.com\/index.php?rest_route=\/wp\/v2\/posts\/6320","targetHints":{"allow":["GET"]}}],"collection":[{"href":"https:\/\/formalprision.com\/index.php?rest_route=\/wp\/v2\/posts"}],"about":[{"href":"https:\/\/formalprision.com\/index.php?rest_route=\/wp\/v2\/types\/post"}],"author":[{"embeddable":true,"href":"https:\/\/formalprision.com\/index.php?rest_route=\/wp\/v2\/users\/1"}],"replies":[{"embeddable":true,"href":"https:\/\/formalprision.com\/index.php?rest_route=%2Fwp%2Fv2%2Fcomments&post=6320"}],"version-history":[{"count":0,"href":"https:\/\/formalprision.com\/index.php?rest_route=\/wp\/v2\/posts\/6320\/revisions"}],"wp:featuredmedia":[{"embeddable":true,"href":"https:\/\/formalprision.com\/index.php?rest_route=\/wp\/v2\/media\/22744"}],"wp:attachment":[{"href":"https:\/\/formalprision.com\/index.php?rest_route=%2Fwp%2Fv2%2Fmedia&parent=6320"}],"wp:term":[{"taxonomy":"category","embeddable":true,"href":"https:\/\/formalprision.com\/index.php?rest_route=%2Fwp%2Fv2%2Fcategories&post=6320"},{"taxonomy":"post_tag","embeddable":true,"href":"https:\/\/formalprision.com\/index.php?rest_route=%2Fwp%2Fv2%2Ftags&post=6320"}],"curies":[{"name":"wp","href":"https:\/\/api.w.org\/{rel}","templated":true}]}}