{"id":6341,"date":"2012-10-20T02:01:00","date_gmt":"2012-10-20T02:01:00","guid":{"rendered":"http:\/\/formalprision.info\/2012\/10\/20\/acusado-de-agresion-en-el-paso\/"},"modified":"2015-06-03T08:49:43","modified_gmt":"2015-06-03T08:49:43","slug":"acusado-de-agresion-en-el-paso","status":"publish","type":"post","link":"https:\/\/formalprision.com\/?p=6341","title":{"rendered":"Acusado de agresi\u00f3n en el Paso Deprimido dice que actu\u00f3 en defensa propia"},"content":{"rendered":"<div class=\"separator\" style=\"clear: both; text-align: center;\">\n<a href=\"http:\/\/3.bp.blogspot.com\/-kGTeH7XFPlU\/UIIFP2QuZuI\/AAAAAAAAMG4\/F1U9j13m4zw\/s1600\/la+foto.JPG\" imageanchor=\"1\" style=\"margin-left: 1em; margin-right: 1em;\"><img loading=\"lazy\" decoding=\"async\" border=\"0\" height=\"240\" nea=\"true\" src=\"http:\/\/formalprision.com\/wp-content\/uploads\/2012\/10\/la-foto1.jpg\" width=\"320\" \/><\/a><\/div>\n<p>Pablo Aurelio de la Rosa Rodr\u00edguez compareci\u00f3 esta ma\u00f1ana ante el Juzgado Sexto Penal por una acusaci\u00f3n en su contra que lo se\u00f1ala como agresor durante las protestas del 4 de julio de 2011 en la \u201cGlorieta de la Paz\u201d.<\/p>\n<p>Dijo que solo se defendi\u00f3 de la agresi\u00f3n de la cual fue objeto ese d\u00eda.<br \/>\nA \u00e9l se le sigue proceso por el delito de lesiones, denunciado por por Pedro Jos\u00e9 Torre L\u00f3pez, quien asegur\u00f3 que ese d\u00eda fue golpeado por Pablo y Diego de la Rosa Rodr\u00edguez y Carlos Herrera Chal\u00e9 (a) \u201cCal\u00edn\u201d.<br \/>\nEste d\u00eda, Pablo de la Rosa acudi\u00f3 al Juzgado a declarar y dijo que \u201cya estoy harto de esto\u2026,no es posible que sigan con lo mismo a un a\u00f1o, tres meses y 11 d\u00edas\u201d .<br \/>\nSe\u00f1al\u00f3 que ese d\u00eda estaba con su hermano Diego en el centro de la ciudad y por las redes sociales se enteraron que hab\u00eda una manifestaci\u00f3n.<br \/>\nDijo que ellos estaban a favor de la construcci\u00f3n del Paso Deprimido y decidieron ir al sitio.<br \/>\nEn el lugar, seg\u00fan dijo, fue agredido a bastonazos por Jos\u00e9 Antonio Guti\u00e9rrez L\u00f3pez, c\u00f3nsul honorario de Holanda.<br \/>\n\u201cLos que estaban en contra del t\u00fanel desbarataron las mesas que hab\u00edan llevado y con las patas empezaron a golpear a sus contrincantes\u201d.<br \/>\nInsisti\u00f3 en que defendi\u00f3 su integridad f\u00edsica, incluso asegur\u00f3 que una camioneta Lobo conducida por una persona de apellido C\u00e1mara D\u00edaz entr\u00f3 al sitio y lo atropell\u00f3, haci\u00e9ndole perder el conocimiento.<\/p>\n","protected":false},"excerpt":{"rendered":"<p>Pablo Aurelio de la Rosa Rodr\u00edguez compareci\u00f3 esta ma\u00f1ana ante el Juzgado Sexto Penal por una acusaci\u00f3n en su contra que lo se\u00f1ala como agresor durante las protestas del 4<\/p>\n","protected":false},"author":1,"featured_media":22785,"comment_status":"open","ping_status":"open","sticky":false,"template":"","format":"standard","meta":{"jetpack_post_was_ever_published":false,"_jetpack_newsletter_access":"","_jetpack_dont_email_post_to_subs":false,"_jetpack_newsletter_tier_id":0,"_jetpack_memberships_contains_paywalled_content":false,"_jetpack_memberships_contains_paid_content":false,"footnotes":"","jetpack_publicize_message":"","jetpack_publicize_feature_enabled":true,"jetpack_social_post_already_shared":false,"jetpack_social_options":{"image_generator_settings":{"template":"highway","default_image_id":0,"font":"","enabled":false},"version":2}},"categories":[3,1],"tags":[],"class_list":["post-6341","post","type-post","status-publish","format-standard","has-post-thumbnail","hentry","category-portada","category-sin-categoria"],"jetpack_publicize_connections":[],"jetpack_featured_media_url":"https:\/\/formalprision.com\/wp-content\/uploads\/2012\/10\/la-foto1.jpg","jetpack_sharing_enabled":true,"jetpack_shortlink":"https:\/\/wp.me\/p6id8p-1Eh","_links":{"self":[{"href":"https:\/\/formalprision.com\/index.php?rest_route=\/wp\/v2\/posts\/6341","targetHints":{"allow":["GET"]}}],"collection":[{"href":"https:\/\/formalprision.com\/index.php?rest_route=\/wp\/v2\/posts"}],"about":[{"href":"https:\/\/formalprision.com\/index.php?rest_route=\/wp\/v2\/types\/post"}],"author":[{"embeddable":true,"href":"https:\/\/formalprision.com\/index.php?rest_route=\/wp\/v2\/users\/1"}],"replies":[{"embeddable":true,"href":"https:\/\/formalprision.com\/index.php?rest_route=%2Fwp%2Fv2%2Fcomments&post=6341"}],"version-history":[{"count":0,"href":"https:\/\/formalprision.com\/index.php?rest_route=\/wp\/v2\/posts\/6341\/revisions"}],"wp:featuredmedia":[{"embeddable":true,"href":"https:\/\/formalprision.com\/index.php?rest_route=\/wp\/v2\/media\/22785"}],"wp:attachment":[{"href":"https:\/\/formalprision.com\/index.php?rest_route=%2Fwp%2Fv2%2Fmedia&parent=6341"}],"wp:term":[{"taxonomy":"category","embeddable":true,"href":"https:\/\/formalprision.com\/index.php?rest_route=%2Fwp%2Fv2%2Fcategories&post=6341"},{"taxonomy":"post_tag","embeddable":true,"href":"https:\/\/formalprision.com\/index.php?rest_route=%2Fwp%2Fv2%2Ftags&post=6341"}],"curies":[{"name":"wp","href":"https:\/\/api.w.org\/{rel}","templated":true}]}}