{"id":6349,"date":"2012-10-18T01:26:00","date_gmt":"2012-10-18T01:26:00","guid":{"rendered":"http:\/\/formalprision.info\/2012\/10\/18\/muere-un-nino-de-8-anos-victima-de\/"},"modified":"2015-06-03T08:49:44","modified_gmt":"2015-06-03T08:49:44","slug":"muere-un-nino-de-8-anos-victima-de","status":"publish","type":"post","link":"https:\/\/formalprision.com\/?p=6349","title":{"rendered":"Fallece un ni\u00f1o de 8 a\u00f1os v\u00edctima de dengue hemorr\u00e1gico"},"content":{"rendered":"<div class=\"separator\" style=\"clear: both; text-align: center;\">\n<a href=\"http:\/\/formalprision.com\/wp-content\/uploads\/2012\/10\/alvaro-quijano-v.jpg\" imageanchor=\"1\" style=\"margin-left: 1em; margin-right: 1em;\"><img decoding=\"async\" border=\"0\" nea=\"true\" src=\"http:\/\/formalprision.com\/wp-content\/uploads\/2012\/10\/alvaro-quijano-v.jpg\" \/><\/a><\/div>\n<p>Esta ma\u00f1ana, v\u00edctima de dengue hemorr\u00e1gico,&nbsp;falleci\u00f3 un ni\u00f1o de ocho a\u00f1os de edad oriundo de Kanas\u00edn.<\/p>\n<p>El ni\u00f1o Jos\u00e9 Cauich Pech falleci\u00f3 en el hospital O\u2019Hor\u00e1n, donde era atendido de la enfermedad,&nbsp;seg\u00fan informaron sus familiares, entre ellos Jos\u00e9 Luis Cauich Sulub, padre del menor.<br \/>\nDe acuerdo con los testimonios, el menor fue ingresado el domingo al nosocomio <br \/>\nSn embargo, hoy temprano, la doctora Dulce Patr\u00f3n Pacheco certific\u00f3 que ya hab\u00eda fallecido a causa de la enfermedad, seg\u00fan el certificado 12074980 del propio nosocomio.<br \/>\nHoy mismo, el ni\u00f1o fue sepultado en el pante\u00f3n Jardines del Recuerdo, en el vecino municipio.<br \/>\nLa familia del menor consider\u00f3 que la muerte es producto del abandono en que tienen las autoridades a Kanas\u00edn, pues las lluvias han formado baches y lagunas por todos lados, que se convirtieron ya en criadero de moscos.<br \/>\nEl ni\u00f1o ten\u00eda su domicilio en la calle 23 entre 24 y 26 de Kanas\u00edn.<br \/>\nEn la foto aparece el secretaro de Salud en Yucat\u00e1n, responsable del combate al dengue<\/p>\n","protected":false},"excerpt":{"rendered":"<p>Esta ma\u00f1ana, v\u00edctima de dengue hemorr\u00e1gico,&nbsp;falleci\u00f3 un ni\u00f1o de ocho a\u00f1os de edad oriundo de Kanas\u00edn. El ni\u00f1o Jos\u00e9 Cauich Pech falleci\u00f3 en el hospital O\u2019Hor\u00e1n, donde era atendido de<\/p>\n","protected":false},"author":1,"featured_media":22801,"comment_status":"open","ping_status":"open","sticky":false,"template":"","format":"standard","meta":{"jetpack_post_was_ever_published":false,"_jetpack_newsletter_access":"","_jetpack_dont_email_post_to_subs":false,"_jetpack_newsletter_tier_id":0,"_jetpack_memberships_contains_paywalled_content":false,"_jetpack_memberships_contains_paid_content":false,"footnotes":"","jetpack_publicize_message":"","jetpack_publicize_feature_enabled":true,"jetpack_social_post_already_shared":false,"jetpack_social_options":{"image_generator_settings":{"template":"highway","default_image_id":0,"font":"","enabled":false},"version":2}},"categories":[1,49],"tags":[],"class_list":["post-6349","post","type-post","status-publish","format-standard","has-post-thumbnail","hentry","category-sin-categoria","category-tocho-morocho"],"jetpack_publicize_connections":[],"jetpack_featured_media_url":"https:\/\/formalprision.com\/wp-content\/uploads\/2012\/10\/alvaro-quijano-v.jpg","jetpack_sharing_enabled":true,"jetpack_shortlink":"https:\/\/wp.me\/p6id8p-1Ep","_links":{"self":[{"href":"https:\/\/formalprision.com\/index.php?rest_route=\/wp\/v2\/posts\/6349","targetHints":{"allow":["GET"]}}],"collection":[{"href":"https:\/\/formalprision.com\/index.php?rest_route=\/wp\/v2\/posts"}],"about":[{"href":"https:\/\/formalprision.com\/index.php?rest_route=\/wp\/v2\/types\/post"}],"author":[{"embeddable":true,"href":"https:\/\/formalprision.com\/index.php?rest_route=\/wp\/v2\/users\/1"}],"replies":[{"embeddable":true,"href":"https:\/\/formalprision.com\/index.php?rest_route=%2Fwp%2Fv2%2Fcomments&post=6349"}],"version-history":[{"count":0,"href":"https:\/\/formalprision.com\/index.php?rest_route=\/wp\/v2\/posts\/6349\/revisions"}],"wp:featuredmedia":[{"embeddable":true,"href":"https:\/\/formalprision.com\/index.php?rest_route=\/wp\/v2\/media\/22801"}],"wp:attachment":[{"href":"https:\/\/formalprision.com\/index.php?rest_route=%2Fwp%2Fv2%2Fmedia&parent=6349"}],"wp:term":[{"taxonomy":"category","embeddable":true,"href":"https:\/\/formalprision.com\/index.php?rest_route=%2Fwp%2Fv2%2Fcategories&post=6349"},{"taxonomy":"post_tag","embeddable":true,"href":"https:\/\/formalprision.com\/index.php?rest_route=%2Fwp%2Fv2%2Ftags&post=6349"}],"curies":[{"name":"wp","href":"https:\/\/api.w.org\/{rel}","templated":true}]}}