{"id":6378,"date":"2012-10-09T23:16:00","date_gmt":"2012-10-09T23:16:00","guid":{"rendered":"http:\/\/formalprision.info\/2012\/10\/09\/anuncia-rolano-zapata-5000-becas-para\/"},"modified":"2015-06-03T08:49:50","modified_gmt":"2015-06-03T08:49:50","slug":"anuncia-rolano-zapata-5000-becas-para","status":"publish","type":"post","link":"https:\/\/formalprision.com\/?p=6378","title":{"rendered":"Anuncia Rolando Zapata 5.000 becas para estudiantes de escasos recursos"},"content":{"rendered":"<div class=\"separator\" style=\"clear: both; text-align: center;\">\n<a href=\"http:\/\/2.bp.blogspot.com\/-2_ck-KdI2wQ\/UHSwBZLnawI\/AAAAAAAALwM\/VZbr6zP7kUc\/s1600\/aaarolobus.JPG\" imageanchor=\"1\" style=\"margin-left: 1em; margin-right: 1em;\"><img loading=\"lazy\" decoding=\"async\" border=\"0\" height=\"235\" nea=\"true\" src=\"http:\/\/formalprision.com\/wp-content\/uploads\/2012\/10\/aaarolobus.jpg\" width=\"320\" \/><\/a><\/div>\n<p>Con una inversi\u00f3n de un mill\u00f3n 625 mil pesos, el Gobernador Rolando Zapata Bello anunci\u00f3 la ampliaci\u00f3n del programa de becas econ\u00f3micas, que beneficiar\u00e1 a un total de cinco mil estudiantes de secundaria y educaci\u00f3n media superior que habitan en localidades de alta y muy alta marginaci\u00f3n, y contribuir\u00e1 a contrarrestar la deserci\u00f3n escolar.<\/p>\n<p>Al realizar la primera gira de su mandato por el interior del estado en el citado municipio, Zapata Bello anunci\u00f3 el incremento que representa el 25 por ciento de su compromiso sexenal, por lo que indic\u00f3 que se continuar\u00e1n las gestiones para rebasar esa cifra.<br \/>\nInform\u00f3 que con el \u00e1nimo de sumar esfuerzos y de mantener un enfoque multidisciplinario, a partir de esta fecha la Secretar\u00eda de Pol\u00edtica Comunitaria y Social formar\u00e1 parte del Comit\u00e9 del Instituto de Becas y Cr\u00e9dito Educativo del Estado de Yucat\u00e1n (IBECEY), lo que permitir\u00e1 instrumentar medidas integrales relacionadas con la nutrici\u00f3n y la activaci\u00f3n f\u00edsica.<br \/>\n\u201cCon la ampliaci\u00f3n del programa de becas iniciamos el cumplimiento del compromiso 69 que indica incrementar las becas educativas en la educaci\u00f3n b\u00e1sica y damos los primeros pasos para cumplir el 142, integrando la pol\u00edtica social en una sola estrategia\u201d, dijo el Gobernador.<br \/>\n\u201cTodo este trabajo que se realiza para impulsar el desarrollo regional de Yucat\u00e1n lo extenderemos a otros rubros con centros regionales de seguridad, pol\u00edtica social y agropecuario. Debemos seguir un camino muy claro para alcanzar nuestras metas porque para m\u00ed el gran esfuerzo se llama resultados\u201d, subray\u00f3.<br \/>\nRodeado de estudiantes y padres de familia, en la secundaria t\u00e9cnica \u00abAgust\u00edn Franco Villanueva\u201d de Motul, Zapata Bello afirm\u00f3 que con su anuncio el programa de becas se incrementar\u00e1 de 25 mil a 30 mil becas para el ciclo escolar 2012-2013. <br \/>\nEn \u00e9ste que fue el primer punto de la gira, el Gobernador tambi\u00e9n supervis\u00f3 los avances de la Red Digital y salud\u00f3 a los m\u00e1s de 710 alumnos del plantel a quienes dijo que las becas econ\u00f3micas son un apoyo decidido a nuestros j\u00f3venes para que no se vean obligados a abandonar sus estudios por motivos econ\u00f3micos.<br \/>\n\u201cEste evento es de gran trascendencia, pues el que un ni\u00f1o tenga una beca significa que en muchos casos pueda seguir o no en la escuela. Queremos dar a la pol\u00edtica social una estrategia integral que mejore las condiciones de los habitantes y su bienestar\u201d, se\u00f1al\u00f3. <br \/>\nAcompa\u00f1ado por el Secretario de Educaci\u00f3n, Ra\u00fal Godoy Monta\u00f1ez; el de Pol\u00edtica Comunitaria y Social, Nerio Torres Arcila; el alcalde, Jos\u00e9 Juli\u00e1n Pech Aguilar, empresarios, estudiantes, supervisores y directores escolares, el titular del Ejecutivo instal\u00f3 tambi\u00e9n el Consejo Regional del Centro de Desarrollo Educativo (CEDE) de Motul, que permitir\u00e1 identificar y atender las necesidades educativas de 20 municipios de la regi\u00f3n.<br \/>\nEstas acciones beneficiar\u00e1n a 18 mil 732 alumnos, 184 escuelas y mil 306 docentes, de los municipios de Motul, Baca, Ixil, Chicxulub Pueblo, Yaxkukul, Mococh\u00e1, Sinanch\u00e9, Telchac Pueblo, Dzemul, Muxupip, Suma, Telchac Puerto, Dzidzant\u00fan, Buctzotz, Temax, Cansahcab, Dzilam Gonz\u00e1lez, Dzoncauich, Yoba\u00edn y Dzilam Bravo.<br \/>\nDe igual manera, el titular del Ejecutivo estatal visit\u00f3 el Instituto Tecnol\u00f3gico Superior de Motul, donde el director Luis Alberto Garc\u00eda Dom\u00ednguez le dio informes sobre la labor que actualmente realizan 831 alumnos en cinco carreras, con avances positivos.<br \/>\nAh\u00ed, Zapata Bello felicit\u00f3 a los alumnos de Ingenier\u00eda en Energ\u00edas Renovables, quienes la mostraron novedosos sistemas de energ\u00eda e\u00f3lica y paneles solares, que podr\u00edan ser la base de proyectos autosustentables. (Comunicado de Prensa)<\/p>\n","protected":false},"excerpt":{"rendered":"<p>Con una inversi\u00f3n de un mill\u00f3n 625 mil pesos, el Gobernador Rolando Zapata Bello anunci\u00f3 la ampliaci\u00f3n del programa de becas econ\u00f3micas, que beneficiar\u00e1 a un total de cinco mil<\/p>\n","protected":false},"author":1,"featured_media":22857,"comment_status":"open","ping_status":"open","sticky":false,"template":"","format":"standard","meta":{"jetpack_post_was_ever_published":false,"_jetpack_newsletter_access":"","_jetpack_dont_email_post_to_subs":false,"_jetpack_newsletter_tier_id":0,"_jetpack_memberships_contains_paywalled_content":false,"_jetpack_memberships_contains_paid_content":false,"footnotes":"","jetpack_publicize_message":"","jetpack_publicize_feature_enabled":true,"jetpack_social_post_already_shared":false,"jetpack_social_options":{"image_generator_settings":{"template":"highway","default_image_id":0,"font":"","enabled":false},"version":2}},"categories":[19,1],"tags":[],"class_list":["post-6378","post","type-post","status-publish","format-standard","has-post-thumbnail","hentry","category-de-la-grilla","category-sin-categoria"],"jetpack_publicize_connections":[],"jetpack_featured_media_url":"https:\/\/formalprision.com\/wp-content\/uploads\/2012\/10\/aaarolobus.jpg","jetpack_sharing_enabled":true,"jetpack_shortlink":"https:\/\/wp.me\/p6id8p-1ES","_links":{"self":[{"href":"https:\/\/formalprision.com\/index.php?rest_route=\/wp\/v2\/posts\/6378","targetHints":{"allow":["GET"]}}],"collection":[{"href":"https:\/\/formalprision.com\/index.php?rest_route=\/wp\/v2\/posts"}],"about":[{"href":"https:\/\/formalprision.com\/index.php?rest_route=\/wp\/v2\/types\/post"}],"author":[{"embeddable":true,"href":"https:\/\/formalprision.com\/index.php?rest_route=\/wp\/v2\/users\/1"}],"replies":[{"embeddable":true,"href":"https:\/\/formalprision.com\/index.php?rest_route=%2Fwp%2Fv2%2Fcomments&post=6378"}],"version-history":[{"count":0,"href":"https:\/\/formalprision.com\/index.php?rest_route=\/wp\/v2\/posts\/6378\/revisions"}],"wp:featuredmedia":[{"embeddable":true,"href":"https:\/\/formalprision.com\/index.php?rest_route=\/wp\/v2\/media\/22857"}],"wp:attachment":[{"href":"https:\/\/formalprision.com\/index.php?rest_route=%2Fwp%2Fv2%2Fmedia&parent=6378"}],"wp:term":[{"taxonomy":"category","embeddable":true,"href":"https:\/\/formalprision.com\/index.php?rest_route=%2Fwp%2Fv2%2Fcategories&post=6378"},{"taxonomy":"post_tag","embeddable":true,"href":"https:\/\/formalprision.com\/index.php?rest_route=%2Fwp%2Fv2%2Ftags&post=6378"}],"curies":[{"name":"wp","href":"https:\/\/api.w.org\/{rel}","templated":true}]}}