{"id":6387,"date":"2012-10-08T15:00:00","date_gmt":"2012-10-08T15:00:00","guid":{"rendered":"http:\/\/formalprision.info\/2012\/10\/08\/gobierno-de-rolando-zapata-anuncia\/"},"modified":"2015-06-03T08:49:51","modified_gmt":"2015-06-03T08:49:51","slug":"gobierno-de-rolando-zapata-anuncia","status":"publish","type":"post","link":"https:\/\/formalprision.com\/?p=6387","title":{"rendered":"Gobierno de Rolando Zapata anuncia nueva Fiscal para frenar campa\u00f1a medi\u00e1tica contra la FGE"},"content":{"rendered":"<div class=\"separator\" style=\"clear: both; text-align: center;\">\n<a href=\"http:\/\/formalprision.com\/wp-content\/uploads\/2012\/10\/aacelia.jpg\" imageanchor=\"1\" style=\"margin-left: 1em; margin-right: 1em;\"><img decoding=\"async\" border=\"0\" nea=\"true\" src=\"http:\/\/formalprision.com\/wp-content\/uploads\/2012\/10\/aacelia.jpg\" \/><\/a><\/div>\n<p>Celia Rivas Rodr\u00edguez se convertir\u00e1 en la nueva fiscal del Estado, aunque falta todav\u00eda la aprobaci\u00f3n del Congreso Estatal.<\/p>\n<p>El secretario de Gobierno, V\u00edctor Caballero Dur\u00e1n, inform\u00f3 hoy que la ex titular de Prodemefa ocupar\u00e1 el cargo que dejar\u00e1 H\u00e9ctor Cabrera Rivero.<br \/>\nCaballero Dur\u00e1n dijo que no hay fecha para que los legisladores estatales la ratifiquen, aunque todo parece indicar que el anuncio se hace para calmar la campa\u00f1a medi\u00e1tica que se ha gestado contra el actual titular de la Fiscal\u00eda.<br \/>\nEn los \u00faltimos d\u00edas, dos peri\u00f3dicos antag\u00f3nicos que se imprimen en la ciudad iniciaron una campa\u00f1a de desprestigio contra el titular de la Fiscal\u00eda y contra el vicefiscal Friedman Peniche Rivero, curiosamente haciendo las mismas acusaciones y se\u00f1alamientos.<br \/>\nEl secretario de gobierno dijo que la elecci\u00f3n o ratificaci\u00f3n de los vicefiscales ser\u00e1 decisi\u00f3n de la pr\u00f3xima titular de la dependencia.<\/p>\n","protected":false},"excerpt":{"rendered":"<p>Celia Rivas Rodr\u00edguez se convertir\u00e1 en la nueva fiscal del Estado, aunque falta todav\u00eda la aprobaci\u00f3n del Congreso Estatal. El secretario de Gobierno, V\u00edctor Caballero Dur\u00e1n, inform\u00f3 hoy que la<\/p>\n","protected":false},"author":1,"featured_media":22874,"comment_status":"open","ping_status":"open","sticky":false,"template":"","format":"standard","meta":{"jetpack_post_was_ever_published":false,"_jetpack_newsletter_access":"","_jetpack_dont_email_post_to_subs":false,"_jetpack_newsletter_tier_id":0,"_jetpack_memberships_contains_paywalled_content":false,"_jetpack_memberships_contains_paid_content":false,"footnotes":"","jetpack_publicize_message":"","jetpack_publicize_feature_enabled":true,"jetpack_social_post_already_shared":false,"jetpack_social_options":{"image_generator_settings":{"template":"highway","default_image_id":0,"font":"","enabled":false},"version":2}},"categories":[19,1],"tags":[],"class_list":["post-6387","post","type-post","status-publish","format-standard","has-post-thumbnail","hentry","category-de-la-grilla","category-sin-categoria"],"jetpack_publicize_connections":[],"jetpack_featured_media_url":"https:\/\/formalprision.com\/wp-content\/uploads\/2012\/10\/aacelia.jpg","jetpack_sharing_enabled":true,"jetpack_shortlink":"https:\/\/wp.me\/p6id8p-1F1","_links":{"self":[{"href":"https:\/\/formalprision.com\/index.php?rest_route=\/wp\/v2\/posts\/6387","targetHints":{"allow":["GET"]}}],"collection":[{"href":"https:\/\/formalprision.com\/index.php?rest_route=\/wp\/v2\/posts"}],"about":[{"href":"https:\/\/formalprision.com\/index.php?rest_route=\/wp\/v2\/types\/post"}],"author":[{"embeddable":true,"href":"https:\/\/formalprision.com\/index.php?rest_route=\/wp\/v2\/users\/1"}],"replies":[{"embeddable":true,"href":"https:\/\/formalprision.com\/index.php?rest_route=%2Fwp%2Fv2%2Fcomments&post=6387"}],"version-history":[{"count":0,"href":"https:\/\/formalprision.com\/index.php?rest_route=\/wp\/v2\/posts\/6387\/revisions"}],"wp:featuredmedia":[{"embeddable":true,"href":"https:\/\/formalprision.com\/index.php?rest_route=\/wp\/v2\/media\/22874"}],"wp:attachment":[{"href":"https:\/\/formalprision.com\/index.php?rest_route=%2Fwp%2Fv2%2Fmedia&parent=6387"}],"wp:term":[{"taxonomy":"category","embeddable":true,"href":"https:\/\/formalprision.com\/index.php?rest_route=%2Fwp%2Fv2%2Fcategories&post=6387"},{"taxonomy":"post_tag","embeddable":true,"href":"https:\/\/formalprision.com\/index.php?rest_route=%2Fwp%2Fv2%2Ftags&post=6387"}],"curies":[{"name":"wp","href":"https:\/\/api.w.org\/{rel}","templated":true}]}}