{"id":6396,"date":"2012-10-06T17:20:00","date_gmt":"2012-10-06T17:20:00","guid":{"rendered":"http:\/\/formalprision.info\/2012\/10\/06\/desaparecida-joven-empleada-de\/"},"modified":"2015-06-03T08:49:52","modified_gmt":"2015-06-03T08:49:52","slug":"desaparecida-joven-empleada-de","status":"publish","type":"post","link":"https:\/\/formalprision.com\/?p=6396","title":{"rendered":"Desaparecida joven empleada del Ayuntamiento; no la encuentran ni por Facebook"},"content":{"rendered":"<p><\/p>\n<div class=\"separator\" style=\"clear: both; text-align: center;\">\n<a href=\"http:\/\/3.bp.blogspot.com\/-pJgsYADZ0Mk\/UHBgvNqz5yI\/AAAAAAAALmo\/2D-LN28KjyI\/s1600\/aa+aperdida.jpg\" imageanchor=\"1\" style=\"margin-left: 1em; margin-right: 1em;\"><img loading=\"lazy\" decoding=\"async\" border=\"0\" height=\"239\" src=\"http:\/\/formalprision.com\/wp-content\/uploads\/2012\/10\/aa-aperdida.jpg\" width=\"320\" \/><\/a><\/div>\n<div class=\"MsoNormal\" style=\"background-color: white; margin-bottom: 7.5pt;\">\n<b>La joven Susana Lucely Herrera Ortiz, empleada del Ayuntamiento de Peto, est\u00e1 reportada como desaparecida desde hace dos semanas.<\/b><\/div>\n<div class=\"MsoNormal\" style=\"background-color: white; margin-bottom: 7.5pt;\">\n<b>Ella fue vista por \u00faltima vez cuando se dirig\u00eda a su trabajo en el Ayuntamiento de la localidad.<\/b><\/div>\n<div class=\"MsoNormal\" style=\"background-color: white; margin-bottom: 7.5pt;\">\n<b>Desde entonces, no contesta a las llamadas que se le hacen a su tel\u00e9fono celular y cerr\u00f3 su cuenta de Facebook. No ten\u00eda Twitter.<\/b><\/div>\n<div class=\"MsoNormal\" style=\"background-color: white; margin-bottom: 7.5pt;\">\n<b>Tiene 19 a\u00f1os de edad y estudia la licenciatura en &nbsp;Educaci\u00f3n Preescolar de la Universidad Pedag\u00f3gica Nacional (UPN).<\/b><\/div>\n<div class=\"MsoNormal\" style=\"background-color: white; margin-bottom: 7.5pt;\">\n<b>Por las tardes trabajaba en el Ayuntamiento de Peto. <\/b><\/div>\n<div class=\"MsoNormal\" style=\"background-color: white; margin-bottom: 7.5pt;\">\n<b>.Su madre, Susana Ortiz Garc\u00eda, dijo a las autoridades que desde el 21 de septiembre no volvi\u00f3 a saber de ella.<\/b><\/div>\n<div class=\"MsoNormal\" style=\"background-color: white; margin-bottom: 7.5pt;\">\n<b>La joven tiene su domicilio en la calle 33 entre 34 y 36 del centro de Peto.<\/b><\/div>\n<div class=\"MsoNormal\" style=\"background-color: white; margin-bottom: 7.5pt;\">\n<b>Susana Lucelly aparece a la derecha en esta fotograf\u00eda de sus redes sociales.<\/b><\/div>\n","protected":false},"excerpt":{"rendered":"<p>La joven Susana Lucely Herrera Ortiz, empleada del Ayuntamiento de Peto, est\u00e1 reportada como desaparecida desde hace dos semanas. Ella fue vista por \u00faltima vez cuando se dirig\u00eda a su<\/p>\n","protected":false},"author":1,"featured_media":22893,"comment_status":"open","ping_status":"open","sticky":false,"template":"","format":"standard","meta":{"jetpack_post_was_ever_published":false,"_jetpack_newsletter_access":"","_jetpack_dont_email_post_to_subs":false,"_jetpack_newsletter_tier_id":0,"_jetpack_memberships_contains_paywalled_content":false,"_jetpack_memberships_contains_paid_content":false,"footnotes":"","jetpack_publicize_message":"","jetpack_publicize_feature_enabled":true,"jetpack_social_post_already_shared":false,"jetpack_social_options":{"image_generator_settings":{"template":"highway","default_image_id":0,"font":"","enabled":false},"version":2}},"categories":[48,58,1],"tags":[],"class_list":["post-6396","post","type-post","status-publish","format-standard","has-post-thumbnail","hentry","category-pecadoras","category-rescates","category-sin-categoria"],"jetpack_publicize_connections":[],"jetpack_featured_media_url":"https:\/\/formalprision.com\/wp-content\/uploads\/2012\/10\/aa-aperdida.jpg","jetpack_sharing_enabled":true,"jetpack_shortlink":"https:\/\/wp.me\/p6id8p-1Fa","_links":{"self":[{"href":"https:\/\/formalprision.com\/index.php?rest_route=\/wp\/v2\/posts\/6396","targetHints":{"allow":["GET"]}}],"collection":[{"href":"https:\/\/formalprision.com\/index.php?rest_route=\/wp\/v2\/posts"}],"about":[{"href":"https:\/\/formalprision.com\/index.php?rest_route=\/wp\/v2\/types\/post"}],"author":[{"embeddable":true,"href":"https:\/\/formalprision.com\/index.php?rest_route=\/wp\/v2\/users\/1"}],"replies":[{"embeddable":true,"href":"https:\/\/formalprision.com\/index.php?rest_route=%2Fwp%2Fv2%2Fcomments&post=6396"}],"version-history":[{"count":0,"href":"https:\/\/formalprision.com\/index.php?rest_route=\/wp\/v2\/posts\/6396\/revisions"}],"wp:featuredmedia":[{"embeddable":true,"href":"https:\/\/formalprision.com\/index.php?rest_route=\/wp\/v2\/media\/22893"}],"wp:attachment":[{"href":"https:\/\/formalprision.com\/index.php?rest_route=%2Fwp%2Fv2%2Fmedia&parent=6396"}],"wp:term":[{"taxonomy":"category","embeddable":true,"href":"https:\/\/formalprision.com\/index.php?rest_route=%2Fwp%2Fv2%2Fcategories&post=6396"},{"taxonomy":"post_tag","embeddable":true,"href":"https:\/\/formalprision.com\/index.php?rest_route=%2Fwp%2Fv2%2Ftags&post=6396"}],"curies":[{"name":"wp","href":"https:\/\/api.w.org\/{rel}","templated":true}]}}