{"id":6397,"date":"2012-10-06T17:06:00","date_gmt":"2012-10-06T17:06:00","guid":{"rendered":"http:\/\/formalprision.info\/2012\/10\/06\/arranca-el-programa-la\/"},"modified":"2015-06-03T08:49:52","modified_gmt":"2015-06-03T08:49:52","slug":"arranca-el-programa-la","status":"publish","type":"post","link":"https:\/\/formalprision.com\/?p=6397","title":{"rendered":"Arranca el programa la descacharrizaci\u00f3n en M\u00e9rida"},"content":{"rendered":"<p><\/p>\n<div>\n<div class=\"separator\" style=\"clear: both; text-align: center;\">\n<a href=\"http:\/\/1.bp.blogspot.com\/-H7fTqV-YACQ\/UHBk7YFdRRI\/AAAAAAAALnM\/YcqugyrgroU\/s1600\/aadescarr.JPG\" imageanchor=\"1\" style=\"margin-left: 1em; margin-right: 1em;\"><img loading=\"lazy\" decoding=\"async\" border=\"0\" height=\"213\" src=\"http:\/\/formalprision.com\/wp-content\/uploads\/2012\/10\/aadescarr.jpg\" width=\"320\" \/><\/a><\/div>\n<div style=\"font-family: 'Segoe UI',Tahoma,Verdana,Arial,sans-serif; line-height: 17px; text-align: justify;\">\nEn presencia mil 200 personas voluntarias y de asociaciones civiles y 350<br \/>\nveh\u00edculos recolectores, el Gobernador del Estado Rolando Zapata Bello dio el<br \/>\nbanderazo de salida al Programa de Descacharrizaci\u00f3n \u201cEntre todos \u00a1limpiemos la<br \/>\nciudad!\u201d, que recorrer\u00e1 m\u00e1s de 300 colonias en dos d\u00edas, como parte de las<br \/>\nacciones para combatir las enfermedades transmitidas por vector, como el<br \/>\ndengue.<\/div>\n<div style=\"font-family: 'Segoe UI',Tahoma,Verdana,Arial,sans-serif; line-height: 17px; text-align: justify;\">\nAnte<br \/>\nautoridades municipales, estatales y militares, el Secretario de Salud, \u00c1lvaro<br \/>\nQuijano Vivas afirm\u00f3 que las acciones de este fin de semana son s\u00f3lo un pilar de<br \/>\nlos muchos que conforman el proyecto integral de prevenci\u00f3n, en materia de salud<br \/>\np\u00fablica que puso en marcha la actual administraci\u00f3n.<\/div>\n<div style=\"font-family: 'Segoe UI',Tahoma,Verdana,Arial,sans-serif; line-height: 17px; text-align: justify;\">\n\u00abLos exhortamos<br \/>\na que laven los trastes donde toman agua los animales, a que volteen y tapen los<br \/>\nrecipientes que acumulen agua, a que tiren los objetos que ya no utilizan y<br \/>\nlleven a las esquinas de sus casas todos los cacharros\u00bb, afirm\u00f3.<\/div>\n<div style=\"font-family: 'Segoe UI',Tahoma,Verdana,Arial,sans-serif; line-height: 17px; text-align: justify;\">\nEl arranque del<br \/>\nprograma tuvo lugar en el parque\u201cLa visita\u201d, del<br \/>\nfraccionamiento Juan Pablo II, donde el mandatario estatal estuvo&nbsp;acompa\u00f1ado por<br \/>\nlos representantes de las instituciones que conforman el Consejo Estatal de<br \/>\nSalud como el IMSS, el ISSSTE, el Ej\u00e9rcito Mexicano, la Marina Armada,<br \/>\nagrupaciones empresariales y asociaciones civiles, quienes destacaron que la<br \/>\nmeta es beneficiar a un mill\u00f3n 87 mil 200 habitantes.<\/div>\n<div style=\"font-family: 'Segoe UI',Tahoma,Verdana,Arial,sans-serif; line-height: 17px; text-align: justify;\">\nDurante el fin<br \/>\nde semana, camiones de volteo, camionetas, ambulancias, gr\u00faas y hasta veh\u00edculos<br \/>\nparticulares recorrer\u00e1n la zona oriente y poniente de la ciudad, para recolectar<br \/>\ncacharros de unas 217 mil 440 casas.<\/div>\n<div style=\"font-family: 'Segoe UI',Tahoma,Verdana,Arial,sans-serif; line-height: 17px; text-align: justify;\">\nAdem\u00e1s, en una<br \/>\nsegunda etapa, se prev\u00e9 que se implementen acciones de fumigaci\u00f3n y<br \/>\nabatizaci\u00f3n.<\/div>\n<div style=\"font-family: 'Segoe UI',Tahoma,Verdana,Arial,sans-serif; line-height: 17px; text-align: justify;\">\nQuijano Vivas<br \/>\nexhort\u00f3 a los habitantes a no mezclar los cacharros con el resto de los desechos<br \/>\norg\u00e1nicos e inorg\u00e1nicos y separar las llantas para facilitar las acciones de<br \/>\nlimpieza y recolecci\u00f3n.<\/div>\n<div style=\"font-family: 'Segoe UI',Tahoma,Verdana,Arial,sans-serif; line-height: 17px; text-align: justify;\">\n\u201cLa salud y<br \/>\nprevenci\u00f3n es tarea de todos, autoridades, sociedad civil y familias, para que<br \/>\nlos resultados que tengamos se traduzcan en beneficios concretos y palpables<br \/>\npara la sociedad yucateca\u201d, concluy\u00f3.<\/div>\n<div style=\"font-family: 'Segoe UI',Tahoma,Verdana,Arial,sans-serif; line-height: 17px; text-align: justify;\">\nPresenciaron la<br \/>\nsalida de las unidades el Presidente de la Junta de Gobierno y Coordinaci\u00f3n<br \/>\nPol\u00edtica del Congreso del Estadio, Luis Hevia Jimenez; el Delegado estatal del<br \/>\nIMSS, Alberto Reyes Carrillo; la Delegada de la Cruz Roja Mexicana en Yucat\u00e1n,<br \/>\nMichelle Byrne de Rodr\u00edguez; el presidente de la CIRT Yucat\u00e1n Rafael Rivas<br \/>\nPolanco; y los Presidentes Municipales de M\u00e9rida y Um\u00e1n, Ren\u00e1n Barrera Concha y<br \/>\nAdrian Quintal Ic, respectivamente. &nbsp;(Comunicado de Prensa)<\/div>\n<\/div>\n<div>\n<\/div>\n","protected":false},"excerpt":{"rendered":"<p>En presencia mil 200 personas voluntarias y de asociaciones civiles y 350 veh\u00edculos recolectores, el Gobernador del Estado Rolando Zapata Bello dio el banderazo de salida al Programa de Descacharrizaci\u00f3n<\/p>\n","protected":false},"author":1,"featured_media":22895,"comment_status":"open","ping_status":"open","sticky":false,"template":"","format":"standard","meta":{"jetpack_post_was_ever_published":false,"_jetpack_newsletter_access":"","_jetpack_dont_email_post_to_subs":false,"_jetpack_newsletter_tier_id":0,"_jetpack_memberships_contains_paywalled_content":false,"_jetpack_memberships_contains_paid_content":false,"footnotes":"","jetpack_publicize_message":"","jetpack_publicize_feature_enabled":true,"jetpack_social_post_already_shared":false,"jetpack_social_options":{"image_generator_settings":{"template":"highway","default_image_id":0,"font":"","enabled":false},"version":2}},"categories":[19,1],"tags":[],"class_list":["post-6397","post","type-post","status-publish","format-standard","has-post-thumbnail","hentry","category-de-la-grilla","category-sin-categoria"],"jetpack_publicize_connections":[],"jetpack_featured_media_url":"https:\/\/formalprision.com\/wp-content\/uploads\/2012\/10\/aadescarr.jpg","jetpack_sharing_enabled":true,"jetpack_shortlink":"https:\/\/wp.me\/p6id8p-1Fb","_links":{"self":[{"href":"https:\/\/formalprision.com\/index.php?rest_route=\/wp\/v2\/posts\/6397","targetHints":{"allow":["GET"]}}],"collection":[{"href":"https:\/\/formalprision.com\/index.php?rest_route=\/wp\/v2\/posts"}],"about":[{"href":"https:\/\/formalprision.com\/index.php?rest_route=\/wp\/v2\/types\/post"}],"author":[{"embeddable":true,"href":"https:\/\/formalprision.com\/index.php?rest_route=\/wp\/v2\/users\/1"}],"replies":[{"embeddable":true,"href":"https:\/\/formalprision.com\/index.php?rest_route=%2Fwp%2Fv2%2Fcomments&post=6397"}],"version-history":[{"count":0,"href":"https:\/\/formalprision.com\/index.php?rest_route=\/wp\/v2\/posts\/6397\/revisions"}],"wp:featuredmedia":[{"embeddable":true,"href":"https:\/\/formalprision.com\/index.php?rest_route=\/wp\/v2\/media\/22895"}],"wp:attachment":[{"href":"https:\/\/formalprision.com\/index.php?rest_route=%2Fwp%2Fv2%2Fmedia&parent=6397"}],"wp:term":[{"taxonomy":"category","embeddable":true,"href":"https:\/\/formalprision.com\/index.php?rest_route=%2Fwp%2Fv2%2Fcategories&post=6397"},{"taxonomy":"post_tag","embeddable":true,"href":"https:\/\/formalprision.com\/index.php?rest_route=%2Fwp%2Fv2%2Ftags&post=6397"}],"curies":[{"name":"wp","href":"https:\/\/api.w.org\/{rel}","templated":true}]}}