{"id":6404,"date":"2012-10-04T19:30:00","date_gmt":"2012-10-04T19:30:00","guid":{"rendered":"http:\/\/formalprision.info\/2012\/10\/04\/ladron-sigue-robando-estereos-porque-no\/"},"modified":"2015-06-03T08:49:56","modified_gmt":"2015-06-03T08:49:56","slug":"ladron-sigue-robando-estereos-porque-no","status":"publish","type":"post","link":"https:\/\/formalprision.com\/?p=6404","title":{"rendered":"Ladr\u00f3n sigue robando est\u00e9reos porque no aprendi\u00f3 otro oficio"},"content":{"rendered":"<p><\/p>\n<div class=\"separator\" style=\"clear: both; text-align: center;\">\n<a href=\"http:\/\/2.bp.blogspot.com\/-iDBU1wHyzgc\/UG39qQR-0PI\/AAAAAAAALko\/PmdyDGC8PPQ\/s1600\/aaalrata.JPG\" imageanchor=\"1\" style=\"margin-left: 1em; margin-right: 1em;\"><img loading=\"lazy\" decoding=\"async\" border=\"0\" height=\"239\" src=\"http:\/\/formalprision.com\/wp-content\/uploads\/2012\/10\/aaalrata.jpg\" width=\"320\" \/><\/a><\/div>\n<div class=\"MsoNormal\" style=\"text-align: justify;\">\nAgentes<br \/>\nde la Polic\u00eda Municipal de M\u00e9rida detuvieron la ma\u00f1ana de hoy a Francisco<br \/>\nCampos M\u00e9ndez por el robo de un autoest\u00e9reo en un veh\u00edculo estacionado en el<br \/>\ncentro.<\/div>\n<div class=\"MsoNormal\" style=\"text-align: justify;\">\nEl robo<br \/>\nocurri\u00f3 en la calle 49 entre 50 y 52, donde estaba aparcado el Jetta placas<br \/>\nUUW-2311.<\/div>\n<div class=\"MsoNormal\" style=\"text-align: justify;\">\nLos<br \/>\npolic\u00edas pasaron por el sitio y se percataron que dos personas discut\u00edan y uno<br \/>\nde ellos, Nelson Gerardo Tamayo Uicab, les dijo que hab\u00eda sorprendido al otro sujeto<br \/>\nrob\u00e1ndose el est\u00e9reo.<\/div>\n<div class=\"MsoNormal\" style=\"text-align: justify;\">\nLos<br \/>\nagentes detuvieron a Campos M\u00e9ndez y lo trasladaron a la c\u00e1rcel municipal.<\/div>\n<div class=\"MsoNormal\" style=\"text-align: justify;\">\nSe<br \/>\nsospecha que el sujeto ha cometido robos similares en la zona y que se dedica a lo mismo desde hace mucho porque no ha aprendido otro oficio&nbsp;<\/div>\n","protected":false},"excerpt":{"rendered":"<p>Agentes de la Polic\u00eda Municipal de M\u00e9rida detuvieron la ma\u00f1ana de hoy a Francisco Campos M\u00e9ndez por el robo de un autoest\u00e9reo en un veh\u00edculo estacionado en el centro. El<\/p>\n","protected":false},"author":1,"featured_media":22909,"comment_status":"open","ping_status":"open","sticky":false,"template":"","format":"standard","meta":{"jetpack_post_was_ever_published":false,"_jetpack_newsletter_access":"","_jetpack_dont_email_post_to_subs":false,"_jetpack_newsletter_tier_id":0,"_jetpack_memberships_contains_paywalled_content":false,"_jetpack_memberships_contains_paid_content":false,"footnotes":"","jetpack_publicize_message":"","jetpack_publicize_feature_enabled":true,"jetpack_social_post_already_shared":false,"jetpack_social_options":{"image_generator_settings":{"template":"highway","default_image_id":0,"font":"","enabled":false},"version":2}},"categories":[3,57,1],"tags":[],"class_list":["post-6404","post","type-post","status-publish","format-standard","has-post-thumbnail","hentry","category-portada","category-ratas","category-sin-categoria"],"jetpack_publicize_connections":[],"jetpack_featured_media_url":"https:\/\/formalprision.com\/wp-content\/uploads\/2012\/10\/aaalrata.jpg","jetpack_sharing_enabled":true,"jetpack_shortlink":"https:\/\/wp.me\/p6id8p-1Fi","_links":{"self":[{"href":"https:\/\/formalprision.com\/index.php?rest_route=\/wp\/v2\/posts\/6404","targetHints":{"allow":["GET"]}}],"collection":[{"href":"https:\/\/formalprision.com\/index.php?rest_route=\/wp\/v2\/posts"}],"about":[{"href":"https:\/\/formalprision.com\/index.php?rest_route=\/wp\/v2\/types\/post"}],"author":[{"embeddable":true,"href":"https:\/\/formalprision.com\/index.php?rest_route=\/wp\/v2\/users\/1"}],"replies":[{"embeddable":true,"href":"https:\/\/formalprision.com\/index.php?rest_route=%2Fwp%2Fv2%2Fcomments&post=6404"}],"version-history":[{"count":0,"href":"https:\/\/formalprision.com\/index.php?rest_route=\/wp\/v2\/posts\/6404\/revisions"}],"wp:featuredmedia":[{"embeddable":true,"href":"https:\/\/formalprision.com\/index.php?rest_route=\/wp\/v2\/media\/22909"}],"wp:attachment":[{"href":"https:\/\/formalprision.com\/index.php?rest_route=%2Fwp%2Fv2%2Fmedia&parent=6404"}],"wp:term":[{"taxonomy":"category","embeddable":true,"href":"https:\/\/formalprision.com\/index.php?rest_route=%2Fwp%2Fv2%2Fcategories&post=6404"},{"taxonomy":"post_tag","embeddable":true,"href":"https:\/\/formalprision.com\/index.php?rest_route=%2Fwp%2Fv2%2Ftags&post=6404"}],"curies":[{"name":"wp","href":"https:\/\/api.w.org\/{rel}","templated":true}]}}