{"id":6407,"date":"2012-10-03T21:53:00","date_gmt":"2012-10-03T21:53:00","guid":{"rendered":"http:\/\/formalprision.info\/2012\/10\/03\/se-reune-el-gobernador-con-e-4\/"},"modified":"2015-06-03T08:49:56","modified_gmt":"2015-06-03T08:49:56","slug":"se-reune-el-gobernador-con-e-4","status":"publish","type":"post","link":"https:\/\/formalprision.com\/?p=6407","title":{"rendered":"Se re\u00fane el gobernador con el comandante de la X Regi\u00f3n Militar"},"content":{"rendered":"<p><\/p>\n<div class=\"separator\" style=\"clear: both; text-align: center;\">\n<a href=\"http:\/\/4.bp.blogspot.com\/-Ny0z0jYj9po\/UGyzsNgQSXI\/AAAAAAAALic\/HhXmD8Xezpc\/s1600\/aaaaaffrfhk.JPG\" imageanchor=\"1\" style=\"margin-left: 1em; margin-right: 1em;\"><img loading=\"lazy\" decoding=\"async\" border=\"0\" height=\"320\" src=\"http:\/\/formalprision.com\/wp-content\/uploads\/2012\/10\/aaaaaffrfhk.jpg\" width=\"213\" \/><\/a><\/div>\n<div class=\"ecxmsonormal\" style=\"background: white; margin-bottom: 16.2pt; margin-left: 0cm; margin-right: 0cm; margin-top: 0cm; mso-line-height-alt: 12.75pt; text-align: justify;\">\nEl Gobernador del Estado, Rolando Zapata Bello,<br \/>\nse reuni\u00f3 este d\u00eda con el &nbsp;Comandante de la X Regi\u00f3n<br \/>\nMilitar,&nbsp;General de Divisi\u00f3n Diplomado de Estado Mayor&nbsp;Virgilio<br \/>\nDaniel M\u00e9ndez&nbsp;Baz\u00e1n.<\/div>\n<div class=\"ecxmsonormal\" style=\"background: white; margin-bottom: 16.2pt; margin-left: 0cm; margin-right: 0cm; margin-top: 0cm; mso-line-height-alt: 12.75pt; text-align: justify;\">\nEl titular del ejecutivo &nbsp;extern\u00f3 el<br \/>\nrespeto de su gobierno hacia el Ej\u00e9rcito Mexicano y su reconocimiento por la<br \/>\nlabor que realiza para beneficio de los yucatecos. <\/div>\n<div class=\"ecxmsonormal\" style=\"background: white; margin-bottom: 16.2pt; margin-left: 0cm; margin-right: 0cm; margin-top: 0cm; mso-line-height-alt: 12.75pt; text-align: justify;\">\nEl General M\u00e9ndez Baz\u00e1n, por su<br \/>\nparte, coincidi\u00f3 en la disposici\u00f3n de entablar una relaci\u00f3n de colaboraci\u00f3n y<br \/>\nrespeto con el Poder Ejecutivo del Estado.&nbsp;<\/div>\n<div class=\"ecxmsonormal\" style=\"background: white; margin-bottom: 16.2pt; margin-left: 0cm; margin-right: 0cm; margin-top: 0cm; mso-line-height-alt: 12.75pt; text-align: justify;\">\nM\u00e9ndez Baz\u00e1n es yucateco y lleg\u00f3, pero estuvo fuera del estado<br \/>\nmucho tiempo hasta que hace dos a\u00f1os retorn\u00f3 de nuevo para hacerse cargo de la<br \/>\nX Regi\u00f3n Militar.<\/div>\n<div class=\"MsoNormal\">\n<\/div>\n","protected":false},"excerpt":{"rendered":"<p>El Gobernador del Estado, Rolando Zapata Bello, se reuni\u00f3 este d\u00eda con el &nbsp;Comandante de la X Regi\u00f3n Militar,&nbsp;General de Divisi\u00f3n Diplomado de Estado Mayor&nbsp;Virgilio Daniel M\u00e9ndez&nbsp;Baz\u00e1n. El titular del<\/p>\n","protected":false},"author":1,"featured_media":22915,"comment_status":"open","ping_status":"open","sticky":false,"template":"","format":"standard","meta":{"jetpack_post_was_ever_published":false,"_jetpack_newsletter_access":"","_jetpack_dont_email_post_to_subs":false,"_jetpack_newsletter_tier_id":0,"_jetpack_memberships_contains_paywalled_content":false,"_jetpack_memberships_contains_paid_content":false,"footnotes":"","jetpack_publicize_message":"","jetpack_publicize_feature_enabled":true,"jetpack_social_post_already_shared":false,"jetpack_social_options":{"image_generator_settings":{"template":"highway","default_image_id":0,"font":"","enabled":false},"version":2}},"categories":[19,1],"tags":[],"class_list":["post-6407","post","type-post","status-publish","format-standard","has-post-thumbnail","hentry","category-de-la-grilla","category-sin-categoria"],"jetpack_publicize_connections":[],"jetpack_featured_media_url":"https:\/\/formalprision.com\/wp-content\/uploads\/2012\/10\/aaaaaffrfhk.jpg","jetpack_sharing_enabled":true,"jetpack_shortlink":"https:\/\/wp.me\/p6id8p-1Fl","_links":{"self":[{"href":"https:\/\/formalprision.com\/index.php?rest_route=\/wp\/v2\/posts\/6407","targetHints":{"allow":["GET"]}}],"collection":[{"href":"https:\/\/formalprision.com\/index.php?rest_route=\/wp\/v2\/posts"}],"about":[{"href":"https:\/\/formalprision.com\/index.php?rest_route=\/wp\/v2\/types\/post"}],"author":[{"embeddable":true,"href":"https:\/\/formalprision.com\/index.php?rest_route=\/wp\/v2\/users\/1"}],"replies":[{"embeddable":true,"href":"https:\/\/formalprision.com\/index.php?rest_route=%2Fwp%2Fv2%2Fcomments&post=6407"}],"version-history":[{"count":0,"href":"https:\/\/formalprision.com\/index.php?rest_route=\/wp\/v2\/posts\/6407\/revisions"}],"wp:featuredmedia":[{"embeddable":true,"href":"https:\/\/formalprision.com\/index.php?rest_route=\/wp\/v2\/media\/22915"}],"wp:attachment":[{"href":"https:\/\/formalprision.com\/index.php?rest_route=%2Fwp%2Fv2%2Fmedia&parent=6407"}],"wp:term":[{"taxonomy":"category","embeddable":true,"href":"https:\/\/formalprision.com\/index.php?rest_route=%2Fwp%2Fv2%2Fcategories&post=6407"},{"taxonomy":"post_tag","embeddable":true,"href":"https:\/\/formalprision.com\/index.php?rest_route=%2Fwp%2Fv2%2Ftags&post=6407"}],"curies":[{"name":"wp","href":"https:\/\/api.w.org\/{rel}","templated":true}]}}