{"id":6432,"date":"2012-09-28T16:30:00","date_gmt":"2012-09-28T16:30:00","guid":{"rendered":"http:\/\/formalprision.info\/2012\/09\/28\/lideres-empresariales-manifiestan-su\/"},"modified":"2015-06-03T08:50:01","modified_gmt":"2015-06-03T08:50:01","slug":"lideres-empresariales-manifiestan-su","status":"publish","type":"post","link":"https:\/\/formalprision.com\/?p=6432","title":{"rendered":"L\u00edderes empresariales manifiestan su apoyo a Said\u00e9n"},"content":{"rendered":"<p><\/p>\n<div class=\"separator\" style=\"clear: both; text-align: center;\">\n<a href=\"http:\/\/4.bp.blogspot.com\/-gl7O367y6lw\/UGYJE6s3NiI\/AAAAAAAALWM\/bVn_9E-Kkm0\/s1600\/aaabeto.JPG\" imageanchor=\"1\" style=\"margin-left: 1em; margin-right: 1em;\"><img loading=\"lazy\" decoding=\"async\" border=\"0\" height=\"213\" src=\"http:\/\/formalprision.com\/wp-content\/uploads\/2012\/09\/aaabeto.jpg\" width=\"320\" \/><\/a><\/div>\n<div class=\"separator\" style=\"clear: both; text-align: center;\">\n<\/div>\n<div align=\"justify\">\nLa c\u00fapula empresarial del estado se manifest\u00f3 satisfecha con<br \/>\nla ratificaci\u00f3n de Luis Felipe Said\u00e9n Ojeda, al frente de la Secretaria de<br \/>\nSeguridad Publica por seis a\u00f1os m\u00e1s.<\/div>\n<div align=\"justify\">\nEn un desayuno convocado por la C\u00e1mara Nacional de Comercio<br \/>\nde M\u00e9rida, asistieron representantes de todas las c\u00e1maras empresariales quienes<br \/>\nreconocieron los resultados en materia de seguridad que ha mantenido a Yucat\u00e1n<br \/>\ncomo el Estado m\u00e1s seguro del pa\u00eds.<\/div>\n<div align=\"justify\">\nJorge Caamal Burgos, Presidente de la Coparmex M\u00e9rida coment\u00f3<br \/>\nque es muy significativo que el primer nombramiento que dio a conocer el<br \/>\ngobernador electo Rolando Zapata Bello, sea el del jefe de la Polic\u00eda \u00abeso<br \/>\nsignifica que la seguridad ser\u00e1 una de sus prioridades\u00bb.<\/div>\n<div align=\"justify\">\nTambi\u00e9n el presidente de la Canaco, Jorge Manzanilla, se\u00f1al\u00f3 que las<br \/>\nc\u00e1maras empresariales plantearon al ahora gobernador en m\u00faltiples reuniones que<br \/>\nera necesaria la ratificaci\u00f3n de Saiden Ojeda al frente de la SSP, \u00abpor eso nos<br \/>\ncongratulamos porque la iniciativa privada haya sido escuchada\u00bb.<\/div>\n<div align=\"justify\">\nEl desayuno que fue convocado por la Canaco para presentar<br \/>\nuna propuesta del sector empresarial para coadyuvar con la SSP.<\/div>\n<div align=\"justify\">\nPor su parte, el titular de la SSP se\u00f1al\u00f3 que redoblaran el esfuerzo de la<br \/>\ninstituci\u00f3n para la capacitaci\u00f3n y profesionalizaci\u00f3n de los agentes, adem\u00e1s de<br \/>\nque se trabajara en llevar los servicios de licencias y emplacamiento a todo el<br \/>\nestado. (Con ifnromaci\u00f3n de yucatanahora.com)<\/div>\n","protected":false},"excerpt":{"rendered":"<p>La c\u00fapula empresarial del estado se manifest\u00f3 satisfecha con la ratificaci\u00f3n de Luis Felipe Said\u00e9n Ojeda, al frente de la Secretaria de Seguridad Publica por seis a\u00f1os m\u00e1s. En un<\/p>\n","protected":false},"author":1,"featured_media":22966,"comment_status":"open","ping_status":"open","sticky":false,"template":"","format":"standard","meta":{"jetpack_post_was_ever_published":false,"_jetpack_newsletter_access":"","_jetpack_dont_email_post_to_subs":false,"_jetpack_newsletter_tier_id":0,"_jetpack_memberships_contains_paywalled_content":false,"_jetpack_memberships_contains_paid_content":false,"footnotes":"","jetpack_publicize_message":"","jetpack_publicize_feature_enabled":true,"jetpack_social_post_already_shared":false,"jetpack_social_options":{"image_generator_settings":{"template":"highway","default_image_id":0,"font":"","enabled":false},"version":2}},"categories":[19,1],"tags":[],"class_list":["post-6432","post","type-post","status-publish","format-standard","has-post-thumbnail","hentry","category-de-la-grilla","category-sin-categoria"],"jetpack_publicize_connections":[],"jetpack_featured_media_url":"https:\/\/formalprision.com\/wp-content\/uploads\/2012\/09\/aaabeto.jpg","jetpack_sharing_enabled":true,"jetpack_shortlink":"https:\/\/wp.me\/p6id8p-1FK","_links":{"self":[{"href":"https:\/\/formalprision.com\/index.php?rest_route=\/wp\/v2\/posts\/6432","targetHints":{"allow":["GET"]}}],"collection":[{"href":"https:\/\/formalprision.com\/index.php?rest_route=\/wp\/v2\/posts"}],"about":[{"href":"https:\/\/formalprision.com\/index.php?rest_route=\/wp\/v2\/types\/post"}],"author":[{"embeddable":true,"href":"https:\/\/formalprision.com\/index.php?rest_route=\/wp\/v2\/users\/1"}],"replies":[{"embeddable":true,"href":"https:\/\/formalprision.com\/index.php?rest_route=%2Fwp%2Fv2%2Fcomments&post=6432"}],"version-history":[{"count":0,"href":"https:\/\/formalprision.com\/index.php?rest_route=\/wp\/v2\/posts\/6432\/revisions"}],"wp:featuredmedia":[{"embeddable":true,"href":"https:\/\/formalprision.com\/index.php?rest_route=\/wp\/v2\/media\/22966"}],"wp:attachment":[{"href":"https:\/\/formalprision.com\/index.php?rest_route=%2Fwp%2Fv2%2Fmedia&parent=6432"}],"wp:term":[{"taxonomy":"category","embeddable":true,"href":"https:\/\/formalprision.com\/index.php?rest_route=%2Fwp%2Fv2%2Fcategories&post=6432"},{"taxonomy":"post_tag","embeddable":true,"href":"https:\/\/formalprision.com\/index.php?rest_route=%2Fwp%2Fv2%2Ftags&post=6432"}],"curies":[{"name":"wp","href":"https:\/\/api.w.org\/{rel}","templated":true}]}}