{"id":6435,"date":"2012-09-27T21:11:00","date_gmt":"2012-09-27T21:11:00","guid":{"rendered":"http:\/\/formalprision.info\/2012\/09\/27\/rolando-zapata-se-reune-con-e\/"},"modified":"2015-06-03T08:50:02","modified_gmt":"2015-06-03T08:50:02","slug":"rolando-zapata-se-reune-con-e","status":"publish","type":"post","link":"https:\/\/formalprision.com\/?p=6435","title":{"rendered":"Rolando Zapata se re\u00fane con el presidente Felipe Calder\u00f3n"},"content":{"rendered":"<p><\/p>\n<div class=\"separator\" style=\"clear: both; text-align: center;\">\n<a href=\"http:\/\/2.bp.blogspot.com\/-8g6TR4nbEX0\/UGTAsThqZ3I\/AAAAAAAALTk\/FDa3j4x8fno\/s1600\/aarolis.jpg\" imageanchor=\"1\" style=\"margin-left: 1em; margin-right: 1em;\"><img loading=\"lazy\" decoding=\"async\" border=\"0\" height=\"185\" src=\"http:\/\/formalprision.com\/wp-content\/uploads\/2012\/09\/aarolis.jpg\" width=\"320\" \/><\/a><\/div>\n<div style=\"background-color: white; border: 0px; color: #333333; font-family: 'Helvetica Neue', Arial, 'Liberation Sans', FreeSans, sans-serif; font-size: 13px; line-height: 19px; margin-bottom: 20px; outline: 0px; padding: 0px; vertical-align: baseline;\">\nEl Presidente de los Estados Unidos Mexicanos, Felipe Calder\u00f3n Hinojosa, se reuni\u00f3 hoy jueves, en la Residencia Oficial de Los Pinos, con el Gobernador electo del Estado de Yucat\u00e1n, Rolando Rodrigo Zapata Bello.<\/div>\n<div style=\"background-color: white; border: 0px; color: #333333; font-family: 'Helvetica Neue', Arial, 'Liberation Sans', FreeSans, sans-serif; font-size: 13px; line-height: 19px; margin-bottom: 20px; outline: 0px; padding: 0px; vertical-align: baseline;\">\nDurante el encuentro, el Presidente Calder\u00f3n expres\u00f3 al Gobernador electo el respaldo del Gobierno Federal a Yucat\u00e1n hasta el final de su mandato. Le dese\u00f3, tambi\u00e9n, el mayor de los \u00e9xitos durante su gesti\u00f3n.<\/div>\n<div style=\"background-color: white; border: 0px; color: #333333; font-family: 'Helvetica Neue', Arial, 'Liberation Sans', FreeSans, sans-serif; font-size: 13px; line-height: 19px; margin-bottom: 20px; outline: 0px; padding: 0px; vertical-align: baseline;\">\nPor su parte, el Gobernador electo Zapata manifest\u00f3 su reconocimiento al Primer Mandatario por el trabajo realizado durante estos seis a\u00f1os, as\u00ed como el apoyo que ha dado el Gobierno Federal a Yucat\u00e1n.<\/div>\n<div style=\"background-color: white; border: 0px; color: #333333; font-family: 'Helvetica Neue', Arial, 'Liberation Sans', FreeSans, sans-serif; font-size: 13px; line-height: 19px; margin-bottom: 20px; outline: 0px; padding: 0px; vertical-align: baseline;\">\nEl Presidente Calder\u00f3n estuvo acompa\u00f1ado por el Secretario de Gobernaci\u00f3n, Alejandro Poir\u00e9 Romero. (Comunicado de la Presidencia de la Rep\u00fablica)<\/div>\n","protected":false},"excerpt":{"rendered":"<p>El Presidente de los Estados Unidos Mexicanos, Felipe Calder\u00f3n Hinojosa, se reuni\u00f3 hoy jueves, en la Residencia Oficial de Los Pinos, con el Gobernador electo del Estado de Yucat\u00e1n, Rolando<\/p>\n","protected":false},"author":1,"featured_media":22972,"comment_status":"open","ping_status":"open","sticky":false,"template":"","format":"standard","meta":{"jetpack_post_was_ever_published":false,"_jetpack_newsletter_access":"","_jetpack_dont_email_post_to_subs":false,"_jetpack_newsletter_tier_id":0,"_jetpack_memberships_contains_paywalled_content":false,"_jetpack_memberships_contains_paid_content":false,"footnotes":"","jetpack_publicize_message":"","jetpack_publicize_feature_enabled":true,"jetpack_social_post_already_shared":false,"jetpack_social_options":{"image_generator_settings":{"template":"highway","default_image_id":0,"font":"","enabled":false},"version":2}},"categories":[19,1],"tags":[],"class_list":["post-6435","post","type-post","status-publish","format-standard","has-post-thumbnail","hentry","category-de-la-grilla","category-sin-categoria"],"jetpack_publicize_connections":[],"jetpack_featured_media_url":"https:\/\/formalprision.com\/wp-content\/uploads\/2012\/09\/aarolis.jpg","jetpack_sharing_enabled":true,"jetpack_shortlink":"https:\/\/wp.me\/p6id8p-1FN","_links":{"self":[{"href":"https:\/\/formalprision.com\/index.php?rest_route=\/wp\/v2\/posts\/6435","targetHints":{"allow":["GET"]}}],"collection":[{"href":"https:\/\/formalprision.com\/index.php?rest_route=\/wp\/v2\/posts"}],"about":[{"href":"https:\/\/formalprision.com\/index.php?rest_route=\/wp\/v2\/types\/post"}],"author":[{"embeddable":true,"href":"https:\/\/formalprision.com\/index.php?rest_route=\/wp\/v2\/users\/1"}],"replies":[{"embeddable":true,"href":"https:\/\/formalprision.com\/index.php?rest_route=%2Fwp%2Fv2%2Fcomments&post=6435"}],"version-history":[{"count":0,"href":"https:\/\/formalprision.com\/index.php?rest_route=\/wp\/v2\/posts\/6435\/revisions"}],"wp:featuredmedia":[{"embeddable":true,"href":"https:\/\/formalprision.com\/index.php?rest_route=\/wp\/v2\/media\/22972"}],"wp:attachment":[{"href":"https:\/\/formalprision.com\/index.php?rest_route=%2Fwp%2Fv2%2Fmedia&parent=6435"}],"wp:term":[{"taxonomy":"category","embeddable":true,"href":"https:\/\/formalprision.com\/index.php?rest_route=%2Fwp%2Fv2%2Fcategories&post=6435"},{"taxonomy":"post_tag","embeddable":true,"href":"https:\/\/formalprision.com\/index.php?rest_route=%2Fwp%2Fv2%2Ftags&post=6435"}],"curies":[{"name":"wp","href":"https:\/\/api.w.org\/{rel}","templated":true}]}}