{"id":6440,"date":"2012-09-27T14:08:00","date_gmt":"2012-09-27T14:08:00","guid":{"rendered":"http:\/\/formalprision.info\/2012\/09\/27\/ratifica-rolando-zapata-saiden-a\/"},"modified":"2015-06-03T08:50:04","modified_gmt":"2015-06-03T08:50:04","slug":"ratifica-rolando-zapata-saiden-a","status":"publish","type":"post","link":"https:\/\/formalprision.com\/?p=6440","title":{"rendered":"Ratifica Rolando Zapata a Said\u00e9n al frente de la SSP"},"content":{"rendered":"<p><\/p>\n<div class=\"separator\" style=\"clear: both; text-align: center;\">\n<a href=\"http:\/\/1.bp.blogspot.com\/-Nc7XWP7z3-w\/UGRdfJEkBoI\/AAAAAAAALRY\/nQRLIVeW6to\/s1600\/aaasaidenis.jpg\" imageanchor=\"1\" style=\"margin-left: 1em; margin-right: 1em;\"><img loading=\"lazy\" decoding=\"async\" border=\"0\" height=\"212\" src=\"http:\/\/formalprision.com\/wp-content\/uploads\/2012\/09\/aaasaidenis.jpg\" width=\"320\" \/><\/a><\/div>\n<div class=\"MsoNormal\" style=\"background: white; line-height: 19.2pt; margin-bottom: .0001pt; margin-bottom: 0cm; text-align: justify;\">\nEl gobernador electo Rolando Zapata Bello ratific\u00f3 esta<br \/>\nma\u00f1ana al comandante Luis Felipe Said\u00e9n Ojeda como titular de la Secretar\u00eda de<br \/>\nSeguridad P\u00fablica.<\/div>\n<div class=\"MsoNormal\" style=\"background: white; line-height: 19.2pt; margin-bottom: 3.75pt; text-align: justify;\">\nEn un acto<br \/>\nespecial celebrado en el Parque de la Paz, Zapata Bello anunci\u00f3 el primer<br \/>\nnombramiento de su gabinete.<\/div>\n<div class=\"MsoNormal\" style=\"background: white; line-height: 19.2pt; margin-bottom: .0001pt; margin-bottom: 0cm; text-align: justify;\">\nAl aceptar y agradecer el nombramiento, Said\u00e9n Ojeda<br \/>\ndijo que no es un premio, sino un acto de continuidad.<br \/>\nSe\u00f1al\u00f3 que har\u00e1 un an\u00e1lisis de la corporaci\u00f3n y decidir\u00e1 los cambios que sean necesarios.<br \/>\nAgradeci\u00f3 la confianza del pr\u00f3ximo mandatario y<br \/>\nasegur\u00f3 que reforzar\u00e1n la vigilancia para mantener las medidas de seguridad actuales<br \/>\n&nbsp;en la entidad.<\/div>\n<div class=\"MsoNormal\" style=\"background: white; line-height: 19.2pt; margin-bottom: .0001pt; margin-bottom: 0cm; text-align: justify;\">\nPor su parte, Zapata Bello agradeci\u00f3 al Cmdte. Said\u00e9n<br \/>\nOjeda haber aceptado seguir sirviendo a Yucat\u00e1n.<\/div>\n<div class=\"MsoNormal\" style=\"background: white; line-height: 19.2pt; margin-bottom: .0001pt; margin-bottom: 0cm; text-align: justify;\">\nSer\u00e1 el tercer per\u00edodo al frente de la polic\u00eda estatal<br \/>\ndel funcionario polic\u00edaco, que en los pr\u00f3ximos d\u00edas anunciar\u00e1 los cambios<br \/>\nentre sus colaboradores, &nbsp; sobre todo aquellos que no tengan compromiso de trabajar de tiempo completo para la corporaci\u00f3n,&nbsp;<\/div>\n<div class=\"MsoNormal\" style=\"background: white; line-height: 19.2pt; margin-bottom: 3.75pt; text-align: justify;\">\n<\/div>\n<div class=\"MsoNormal\">\n<\/div>\n","protected":false},"excerpt":{"rendered":"<p>El gobernador electo Rolando Zapata Bello ratific\u00f3 esta ma\u00f1ana al comandante Luis Felipe Said\u00e9n Ojeda como titular de la Secretar\u00eda de Seguridad P\u00fablica. En un acto especial celebrado en el<\/p>\n","protected":false},"author":1,"featured_media":22981,"comment_status":"open","ping_status":"open","sticky":false,"template":"","format":"standard","meta":{"jetpack_post_was_ever_published":false,"_jetpack_newsletter_access":"","_jetpack_dont_email_post_to_subs":false,"_jetpack_newsletter_tier_id":0,"_jetpack_memberships_contains_paywalled_content":false,"_jetpack_memberships_contains_paid_content":false,"footnotes":"","jetpack_publicize_message":"","jetpack_publicize_feature_enabled":true,"jetpack_social_post_already_shared":false,"jetpack_social_options":{"image_generator_settings":{"template":"highway","default_image_id":0,"font":"","enabled":false},"version":2}},"categories":[19,3,1],"tags":[],"class_list":["post-6440","post","type-post","status-publish","format-standard","has-post-thumbnail","hentry","category-de-la-grilla","category-portada","category-sin-categoria"],"jetpack_publicize_connections":[],"jetpack_featured_media_url":"https:\/\/formalprision.com\/wp-content\/uploads\/2012\/09\/aaasaidenis.jpg","jetpack_sharing_enabled":true,"jetpack_shortlink":"https:\/\/wp.me\/p6id8p-1FS","_links":{"self":[{"href":"https:\/\/formalprision.com\/index.php?rest_route=\/wp\/v2\/posts\/6440","targetHints":{"allow":["GET"]}}],"collection":[{"href":"https:\/\/formalprision.com\/index.php?rest_route=\/wp\/v2\/posts"}],"about":[{"href":"https:\/\/formalprision.com\/index.php?rest_route=\/wp\/v2\/types\/post"}],"author":[{"embeddable":true,"href":"https:\/\/formalprision.com\/index.php?rest_route=\/wp\/v2\/users\/1"}],"replies":[{"embeddable":true,"href":"https:\/\/formalprision.com\/index.php?rest_route=%2Fwp%2Fv2%2Fcomments&post=6440"}],"version-history":[{"count":0,"href":"https:\/\/formalprision.com\/index.php?rest_route=\/wp\/v2\/posts\/6440\/revisions"}],"wp:featuredmedia":[{"embeddable":true,"href":"https:\/\/formalprision.com\/index.php?rest_route=\/wp\/v2\/media\/22981"}],"wp:attachment":[{"href":"https:\/\/formalprision.com\/index.php?rest_route=%2Fwp%2Fv2%2Fmedia&parent=6440"}],"wp:term":[{"taxonomy":"category","embeddable":true,"href":"https:\/\/formalprision.com\/index.php?rest_route=%2Fwp%2Fv2%2Fcategories&post=6440"},{"taxonomy":"post_tag","embeddable":true,"href":"https:\/\/formalprision.com\/index.php?rest_route=%2Fwp%2Fv2%2Ftags&post=6440"}],"curies":[{"name":"wp","href":"https:\/\/api.w.org\/{rel}","templated":true}]}}