{"id":64412,"date":"2018-04-04T21:09:27","date_gmt":"2018-04-05T02:09:27","guid":{"rendered":"http:\/\/formalprision.com\/?p=64412"},"modified":"2018-04-04T21:09:27","modified_gmt":"2018-04-05T02:09:27","slug":"alianza-con-el-magisterio-por-la-educacion","status":"publish","type":"post","link":"https:\/\/formalprision.com\/?p=64412","title":{"rendered":"Alianza con el magisterio por la educaci\u00f3n"},"content":{"rendered":"<p>M\u00e9rida, Yucat\u00e1n, 4 de abril de 2018.- La garant\u00eda de que Yucat\u00e1n siga avanzando est\u00e1 en la educaci\u00f3n, destac\u00f3 el candidato por el PRI, PVEM y Panal al Gobierno del Estado, Mauricio Sahu\u00ed Rivero ante m\u00e1s de 2 mil maestros reunidos para brindarle su apoyo.<br \/>\nCon voz firme, el ex titular de la Sedesol indic\u00f3 que como nunca en la historia moderna del Estado, se tiene la gran oportunidad de que el desarrollo se consolide.<br \/>\nPor eso, exhort\u00f3 al magisterio a que m\u00e1s all\u00e1 de hacer una alianza por una campa\u00f1a electoral, hagan una alianza por Yucat\u00e1n.<br \/>\n\u201cPorque Yucat\u00e1n Primero, hagamos una alianza para construir juntos un mejor Yucat\u00e1n, donde se mantenga nuestra calidad de vida, no se pierda la seguridad, nuestra tranquilidad y desde el Gobierno ser\u00e9 puntual y firme para que tengan la garant\u00eda de que seguiremos avanzando\u201d, manifest\u00f3 en medio del grito ensordecedor \u201cSahu\u00ed Gobernador\u201d.<br \/>\nAcompa\u00f1ado de Crescencio Guti\u00e9rrez Gonz\u00e1lez, candidato del III distrito federal por el Partido Nueva Alianza, Sahu\u00ed Rivero record\u00f3 que es orgulloso hijo de maestros.<br \/>\nAs\u00ed como egresado de escuelas p\u00fablicas donde aprendi\u00f3 con base al esfuerzo de grandes maestras y maestros la importancia del trabajo humano, con disciplina y responsabilidad.<br \/>\n\u201cDonde me paro lo digo con mucho gusto, soy hijo de una maestra y un maestro yucateco, me form\u00e9 toda mi vida en escuelas p\u00fablicas donde tuve la oportunidad de desarrollarme y por eso me enorgullece tambi\u00e9n ser maestro porque s\u00e9 que el esfuerzo da buenos resultados\u201d, exclam\u00f3.<br \/>\nRefiri\u00f3 que el valor de la educaci\u00f3n es el verdadero agente de cambio de una sociedad, por lo que es parte fundamental de los seis ejes del su proyecto de campa\u00f1a \u201cYucat\u00e1n Primero\u201d.<br \/>\n\u201cTener ciudadanos bien formados es la garant\u00eda de tener una sociedad que se respete as\u00ed misma y por eso trabajaremos de la mano con todas y todos ustedes y vamos a ganar por la transformaci\u00f3n de nuestra entidad\u201d, enfatiz\u00f3.<br \/>\nC\u00f3mo parte de las muestras de cari\u00f1o la maestra, Melba Vega Mart\u00edn salud\u00f3 con gran afecto al abanderado del Revolucionario Institucional, Verde Ecologista y Panal a quien le diera clases en la escuela preescolar Prudencio Patr\u00f3n Peniche en Espita.<\/p>\n","protected":false},"excerpt":{"rendered":"<p>M\u00e9rida, Yucat\u00e1n, 4 de abril de 2018.- La garant\u00eda de que Yucat\u00e1n siga avanzando est\u00e1 en la educaci\u00f3n, destac\u00f3 el candidato por el PRI, PVEM y Panal al Gobierno del<\/p>\n","protected":false},"author":1,"featured_media":64413,"comment_status":"open","ping_status":"open","sticky":false,"template":"","format":"standard","meta":{"jetpack_post_was_ever_published":false,"_jetpack_newsletter_access":"","_jetpack_dont_email_post_to_subs":false,"_jetpack_newsletter_tier_id":0,"_jetpack_memberships_contains_paywalled_content":false,"_jetpack_memberships_contains_paid_content":false,"footnotes":"","jetpack_publicize_message":"","jetpack_publicize_feature_enabled":true,"jetpack_social_post_already_shared":true,"jetpack_social_options":{"image_generator_settings":{"template":"highway","default_image_id":0,"font":"","enabled":false},"version":2}},"categories":[17],"tags":[],"class_list":["post-64412","post","type-post","status-publish","format-standard","has-post-thumbnail","hentry","category-politica-y-gobierno"],"jetpack_publicize_connections":[],"jetpack_featured_media_url":"https:\/\/formalprision.com\/wp-content\/uploads\/2018\/04\/IMG_9913-1.jpg","jetpack_sharing_enabled":true,"jetpack_shortlink":"https:\/\/wp.me\/p6id8p-gKU","_links":{"self":[{"href":"https:\/\/formalprision.com\/index.php?rest_route=\/wp\/v2\/posts\/64412","targetHints":{"allow":["GET"]}}],"collection":[{"href":"https:\/\/formalprision.com\/index.php?rest_route=\/wp\/v2\/posts"}],"about":[{"href":"https:\/\/formalprision.com\/index.php?rest_route=\/wp\/v2\/types\/post"}],"author":[{"embeddable":true,"href":"https:\/\/formalprision.com\/index.php?rest_route=\/wp\/v2\/users\/1"}],"replies":[{"embeddable":true,"href":"https:\/\/formalprision.com\/index.php?rest_route=%2Fwp%2Fv2%2Fcomments&post=64412"}],"version-history":[{"count":0,"href":"https:\/\/formalprision.com\/index.php?rest_route=\/wp\/v2\/posts\/64412\/revisions"}],"wp:featuredmedia":[{"embeddable":true,"href":"https:\/\/formalprision.com\/index.php?rest_route=\/wp\/v2\/media\/64413"}],"wp:attachment":[{"href":"https:\/\/formalprision.com\/index.php?rest_route=%2Fwp%2Fv2%2Fmedia&parent=64412"}],"wp:term":[{"taxonomy":"category","embeddable":true,"href":"https:\/\/formalprision.com\/index.php?rest_route=%2Fwp%2Fv2%2Fcategories&post=64412"},{"taxonomy":"post_tag","embeddable":true,"href":"https:\/\/formalprision.com\/index.php?rest_route=%2Fwp%2Fv2%2Ftags&post=64412"}],"curies":[{"name":"wp","href":"https:\/\/api.w.org\/{rel}","templated":true}]}}