{"id":64419,"date":"2018-04-04T21:23:20","date_gmt":"2018-04-05T02:23:20","guid":{"rendered":"http:\/\/formalprision.com\/?p=64419"},"modified":"2018-04-04T21:23:20","modified_gmt":"2018-04-05T02:23:20","slug":"merida-es-una-gran-ciudad-que-necesita-garantizar-su-medio-ambiente-caballero-duran","status":"publish","type":"post","link":"https:\/\/formalprision.com\/?p=64419","title":{"rendered":"M\u00e9rida es una gran ciudad que necesita garantizar su medio ambiente: Caballero Dur\u00e1n"},"content":{"rendered":"<p>M\u00e9rida 4 de abril de 2018.- Representantes de organizaciones defensoras del medio ambiente y expertos en ecolog\u00eda expusieron al candidato priista a la alcald\u00eda de M\u00e9rida, V\u00edctor Caballero Duran, la necesidad de revertir la degradaci\u00f3n y el deterioro del medio ambiente de la ciudad, en particular en los temas de la basura, contaminaci\u00f3n de mantos fre\u00e1ticos y desorden en el desarrollo urbano.<\/p>\n<p>En un di\u00e1logo abierto denominado \u201cOrdenamiento y desarrollo ecol\u00f3gico sustentable\u201d, el aspirante a gobernar la capital del estado atendi\u00f3 sugerencias de desarrollar pol\u00edticas p\u00fablicas teniendo como eje la sustentabilidad a fin de resolver problemas de infici\u00f3n que ya afectan la calidad de vida de los meridanos<\/p>\n<p>Acad\u00e9micos investigadores y expertos en el tema de conservaci\u00f3n y atenci\u00f3n al medio ambiente recalcaron el enorme rezago que existe en los temas de separaci\u00f3n, reciclaje y disposici\u00f3n de la basura que se genera en la ciudad y que ya alcanza niveles de contaminaci\u00f3n preocupantes.<\/p>\n<p>Los expertos se refirieron al hecho de que en 2011 las 225 mil casas que hab\u00eda en la ciudad generaron al d\u00eda 600 toneladas, en el 2015 las 260 mil viviendas sumaron cerca de 750 toneladas diarias y para este a\u00f1o se estima acumular cerca de 900 toneladas de unos 270 mil inmuebles.<\/p>\n<p>De continuar este ritmo de crecimiento de generaci\u00f3n de desechos dom\u00e9sticos de entre el 5.5 y seis por ciento, en el 2030 se generar\u00e1n mil 300 toneladas diarias.<\/p>\n<p>Con esta mala pr\u00e1ctica, no habr\u00e1 relleno sanitario, ni espacio suficiente en nuestro territorio para depositar la basura, de ah\u00ed la urgente necesidad de implementar un sistema de aprovechamiento y disposici\u00f3n integral de los residuos, indicaron.<\/p>\n<p>En la reuni\u00f3n efectuada en el Parque Ecol\u00f3gico Metropolitano del Sur \u201cYu\u00b4um Tsil\u201d, los asistentes tambi\u00e9n expusieron a V\u00edctor caballero los problemas del desperdicio de agua, los desequilibrios que existen entre consumo y recarga de los mantos fre\u00e1ticos, es decir, que se utiliza m\u00e1s agua de la que se recarga en los r\u00edos subterr\u00e1neos.<\/p>\n<p>En ese sentido representantes de instituciones de educaci\u00f3n superior y de organizaciones de fomento en el cuidado del agua tambi\u00e9n expusieron al candidato a la alcald\u00eda de M\u00e9rida la necesidad de instrumentar programas de concientizaci\u00f3n para evitar el desperdicio y no verter l\u00edquidos contaminantes al subsuelo.<\/p>\n<p>En el conversatorio, los asistentes tambi\u00e9n plantearon los impactos que al medio ambiente tiene la edificaci\u00f3n de fraccionamientos habitacionales que se han creado en la ciudad sin respetar el programa de desarrollo urbano o de ordenamiento territorial, lo que afecta tambi\u00e9n al medio ambiente.<\/p>\n<p>V\u00edctor Caballero Dur\u00e1n pidi\u00f3 el apoyo de los expertos y de las organizaciones sociales relacionadas con el cuidado del medio ambiente para articular pol\u00edticas p\u00fablicas con las leyes en la materia a fin de lograr una efectiva protecci\u00f3n del medio ambiente y sancionar a quienes busquen alterarlo.<\/p>\n<p>Los asistentes destacaron la visi\u00f3n de largo plazo del candidato del PRI al Ayuntamiento de M\u00e9rida, lo que permitir\u00e1 atender los desaf\u00edos de la ciudad que en las pr\u00f3ximas dos d\u00e9cadas alcanzar\u00e1 un mill\u00f3n y medio de habitantes (comunicado de Prensa)<\/p>\n","protected":false},"excerpt":{"rendered":"<p>M\u00e9rida 4 de abril de 2018.- Representantes de organizaciones defensoras del medio ambiente y expertos en ecolog\u00eda expusieron al candidato priista a la alcald\u00eda de M\u00e9rida, V\u00edctor Caballero Duran, la<\/p>\n","protected":false},"author":1,"featured_media":64420,"comment_status":"open","ping_status":"open","sticky":false,"template":"","format":"standard","meta":{"jetpack_post_was_ever_published":false,"_jetpack_newsletter_access":"","_jetpack_dont_email_post_to_subs":false,"_jetpack_newsletter_tier_id":0,"_jetpack_memberships_contains_paywalled_content":false,"_jetpack_memberships_contains_paid_content":false,"footnotes":"","jetpack_publicize_message":"","jetpack_publicize_feature_enabled":true,"jetpack_social_post_already_shared":true,"jetpack_social_options":{"image_generator_settings":{"template":"highway","default_image_id":0,"font":"","enabled":false},"version":2}},"categories":[14],"tags":[],"class_list":["post-64419","post","type-post","status-publish","format-standard","has-post-thumbnail","hentry","category-merida"],"jetpack_publicize_connections":[],"jetpack_featured_media_url":"https:\/\/formalprision.com\/wp-content\/uploads\/2018\/04\/IMG_9915.jpg","jetpack_sharing_enabled":true,"jetpack_shortlink":"https:\/\/wp.me\/p6id8p-gL1","_links":{"self":[{"href":"https:\/\/formalprision.com\/index.php?rest_route=\/wp\/v2\/posts\/64419","targetHints":{"allow":["GET"]}}],"collection":[{"href":"https:\/\/formalprision.com\/index.php?rest_route=\/wp\/v2\/posts"}],"about":[{"href":"https:\/\/formalprision.com\/index.php?rest_route=\/wp\/v2\/types\/post"}],"author":[{"embeddable":true,"href":"https:\/\/formalprision.com\/index.php?rest_route=\/wp\/v2\/users\/1"}],"replies":[{"embeddable":true,"href":"https:\/\/formalprision.com\/index.php?rest_route=%2Fwp%2Fv2%2Fcomments&post=64419"}],"version-history":[{"count":0,"href":"https:\/\/formalprision.com\/index.php?rest_route=\/wp\/v2\/posts\/64419\/revisions"}],"wp:featuredmedia":[{"embeddable":true,"href":"https:\/\/formalprision.com\/index.php?rest_route=\/wp\/v2\/media\/64420"}],"wp:attachment":[{"href":"https:\/\/formalprision.com\/index.php?rest_route=%2Fwp%2Fv2%2Fmedia&parent=64419"}],"wp:term":[{"taxonomy":"category","embeddable":true,"href":"https:\/\/formalprision.com\/index.php?rest_route=%2Fwp%2Fv2%2Fcategories&post=64419"},{"taxonomy":"post_tag","embeddable":true,"href":"https:\/\/formalprision.com\/index.php?rest_route=%2Fwp%2Fv2%2Ftags&post=64419"}],"curies":[{"name":"wp","href":"https:\/\/api.w.org\/{rel}","templated":true}]}}