{"id":64425,"date":"2018-04-04T21:55:31","date_gmt":"2018-04-05T02:55:31","guid":{"rendered":"http:\/\/formalprision.com\/?p=64425"},"modified":"2018-04-04T21:55:31","modified_gmt":"2018-04-05T02:55:31","slug":"los-maestros-y-estudiantes-de-yucatan-se-merecen-mucho-mas-vila","status":"publish","type":"post","link":"https:\/\/formalprision.com\/?p=64425","title":{"rendered":"Los maestros y estudiantes de Yucat\u00e1n se merecen mucho m\u00e1s: Vila"},"content":{"rendered":"<p>Con el objetivo de darle relevancia a los liderazgos y sumar a ciudadanos comprometidos con la educaci\u00f3n de los j\u00f3venes yucatecos, Mauricio Vila Dosal se reuni\u00f3 con integrantes de la Red Activa Magisterial que se adhirieron al proyecto del candidato a la gubernatura por el PAN y Movimiento Ciudadano.<\/p>\n<p>Lo que se busca es poner en marcha en todo el estado un nuevo sistema de ense\u00f1anza, entre los alumnos de primaria y secundaria, para mejorar el aprendizaje en \u00e1reas espec\u00edficas, principalmente matem\u00e1ticas.<\/p>\n<p>Este sistema fue creado por el profesor Ra\u00fal M\u00e9ndez Osorio, originario de Cansahcab, ex secretario general de la Secci\u00f3n 33 del SNTE, que en 2007 estaba integrada por m\u00e1s de 25 mil docentes.<\/p>\n<p>M\u00e9ndez Osorio \u2014quien fue secretario de Vinculaci\u00f3n en el Comit\u00e9 Directivo Estatal del PRI cuando Mauricio Sahu\u00ed Rivero era presidente del partido\u2014 fue de los presentes en la reuni\u00f3n y explic\u00f3 que tanto para ellos como para Vila Dosal no existen colores ni partidos que se antepongan al futuro de los j\u00f3venes.<\/p>\n<p>Asegur\u00f3 que con una educaci\u00f3n de calidad saldr\u00e1n adelante, alcanzar\u00e1n su m\u00e1ximo potencial y se revertir\u00e1n las condiciones de pobreza del 42 por ciento de los yucatecos que padecen esta situaci\u00f3n.<\/p>\n<p>\u201cMauricio Vila, tuvo un acercamiento a nosotros porque supo de esta gu\u00eda y le caus\u00f3 inter\u00e9s para mejorar la educaci\u00f3n de los j\u00f3venes\u201d, indic\u00f3 el profesor.<\/p>\n<p>\u201cComo yucateco que soy, mi deseo es que esta gu\u00eda que ya fue aplicada por m\u00e1s de 60 profesores de escuelas del sur, norte, oriente y poniente, se extienda para as\u00ed beneficiar a los profesores y a los alumnos de todo Yucat\u00e1n\u201d.<\/p>\n<p>Sobre modelos de educaci\u00f3n existentes dijo que los dise\u00f1os que se han aplicado est\u00e1n basados en programas extranjeros y no toman en cuenta a los maestros para sus dise\u00f1os, por lo que es dif\u00edcil que funcionen o puedan ser aplicados adecuadamente.<\/p>\n<p>\u201cEsta Gu\u00eda, que con apoyo de Vila Dosal podremos llevar a todo Yucat\u00e1n, funciona para todos los alumnos, me atrevo a pensar que funcionar\u00e1 tambi\u00e9n para los de lengua ind\u00edgena\u201d, agreg\u00f3.<\/p>\n<p>La Gu\u00eda dise\u00f1ada por este profesor se aplica a alumnos de sexto grado de primaria, quienes en tan s\u00f3lo en un a\u00f1o podr\u00e1n desarrollar habilidades y adquirir el aprendizaje que ser\u00e1 la base de lo que posteriormente aprender\u00e1n en la secundaria. Se trata de una metodolog\u00eda que desmenuza y hace m\u00e1s atractivo el programa existente para ese grado: \u201cEn s\u00f3lo un a\u00f1o habr\u00e1n profundos cambios en la vida de estos j\u00f3venes\u201d, afirm\u00f3.<\/p>\n<p>Por su parte, el candidato Vila Dosal dijo:<br \/>\n\u201cYo no me canso, yo no me rindo para mejorar el futuro de los yucatecos, especialmente si se trata de mejorar la educaci\u00f3n, para que esta sea de calidad y pueda ayudar a mejorar el futuro de nuestros j\u00f3venes\u201d.<\/p>\n<p>El candidato a la gubernatura asegur\u00f3 que es urgente revertir las condiciones del 42% de los yucatecos que viven en pobreza y que esto se lograr\u00e1 principalmente con educaci\u00f3n de calidad para todos los yucatecos.<\/p>\n<p>Vila mencion\u00f3 tambi\u00e9n las acciones que puso en marcha en M\u00e9rida durante su gesti\u00f3n como alcalde.<\/p>\n<p>\u201cEn impulso a la educaci\u00f3n, nuestro gobierno pas\u00f3 de entregar 2,700 a 13,500 becas, entre ellas, cuatro mil son de descuentos del 10 al 100% para que los j\u00f3venes que no ingresaron a una preparatoria o universidad p\u00fablica, puedan ingresar a una privada y as\u00ed no abandonen sus estudios\u201d, relat\u00f3.<\/p>\n<p>\u201cTambi\u00e9n impulsamos el mejoramiento y construcci\u00f3n de comedores escolares, techos para las canchas de usos m\u00faltiples, dos aulas en el CBTIS 95 y un Centro de Emprendedores en el CBTIS 120, para potenciar el desarrollo acad\u00e9mico de los j\u00f3venes\u201d, finaliz\u00f3.<\/p>\n","protected":false},"excerpt":{"rendered":"<p>Con el objetivo de darle relevancia a los liderazgos y sumar a ciudadanos comprometidos con la educaci\u00f3n de los j\u00f3venes yucatecos, Mauricio Vila Dosal se reuni\u00f3 con integrantes de la<\/p>\n","protected":false},"author":1,"featured_media":64426,"comment_status":"open","ping_status":"open","sticky":false,"template":"","format":"standard","meta":{"jetpack_post_was_ever_published":false,"_jetpack_newsletter_access":"","_jetpack_dont_email_post_to_subs":false,"_jetpack_newsletter_tier_id":0,"_jetpack_memberships_contains_paywalled_content":false,"_jetpack_memberships_contains_paid_content":false,"footnotes":"","jetpack_publicize_message":"","jetpack_publicize_feature_enabled":true,"jetpack_social_post_already_shared":true,"jetpack_social_options":{"image_generator_settings":{"template":"highway","default_image_id":0,"font":"","enabled":false},"version":2}},"categories":[17],"tags":[],"class_list":["post-64425","post","type-post","status-publish","format-standard","has-post-thumbnail","hentry","category-politica-y-gobierno"],"jetpack_publicize_connections":[],"jetpack_featured_media_url":"https:\/\/formalprision.com\/wp-content\/uploads\/2018\/04\/IMG_9921.jpg","jetpack_sharing_enabled":true,"jetpack_shortlink":"https:\/\/wp.me\/p6id8p-gL7","_links":{"self":[{"href":"https:\/\/formalprision.com\/index.php?rest_route=\/wp\/v2\/posts\/64425","targetHints":{"allow":["GET"]}}],"collection":[{"href":"https:\/\/formalprision.com\/index.php?rest_route=\/wp\/v2\/posts"}],"about":[{"href":"https:\/\/formalprision.com\/index.php?rest_route=\/wp\/v2\/types\/post"}],"author":[{"embeddable":true,"href":"https:\/\/formalprision.com\/index.php?rest_route=\/wp\/v2\/users\/1"}],"replies":[{"embeddable":true,"href":"https:\/\/formalprision.com\/index.php?rest_route=%2Fwp%2Fv2%2Fcomments&post=64425"}],"version-history":[{"count":0,"href":"https:\/\/formalprision.com\/index.php?rest_route=\/wp\/v2\/posts\/64425\/revisions"}],"wp:featuredmedia":[{"embeddable":true,"href":"https:\/\/formalprision.com\/index.php?rest_route=\/wp\/v2\/media\/64426"}],"wp:attachment":[{"href":"https:\/\/formalprision.com\/index.php?rest_route=%2Fwp%2Fv2%2Fmedia&parent=64425"}],"wp:term":[{"taxonomy":"category","embeddable":true,"href":"https:\/\/formalprision.com\/index.php?rest_route=%2Fwp%2Fv2%2Fcategories&post=64425"},{"taxonomy":"post_tag","embeddable":true,"href":"https:\/\/formalprision.com\/index.php?rest_route=%2Fwp%2Fv2%2Ftags&post=64425"}],"curies":[{"name":"wp","href":"https:\/\/api.w.org\/{rel}","templated":true}]}}